{"id":50265,"date":"2021-05-09T21:48:21","date_gmt":"2021-05-10T00:48:21","guid":{"rendered":"https:\/\/www.masrojo.com.ar\/home\/?p=50265"},"modified":"2021-05-09T21:48:21","modified_gmt":"2021-05-10T00:48:21","slug":"pedro-monzon-salieron-muchas-cosas-que-trabajamos-en-la-semana","status":"publish","type":"post","link":"https:\/\/www.masrojo.com.ar\/home\/2021\/05\/09\/pedro-monzon-salieron-muchas-cosas-que-trabajamos-en-la-semana\/","title":{"rendered":"Pedro Monz\u00f3n: \u00abSalieron muchas cosas que trabajamos en la semana\u00bb"},"content":{"rendered":"<p><strong>Pedro Monz\u00f3n<\/strong>, quien hoy fue el DT de Independiente debido a la ausencia de <strong>Julio Falcion<\/strong>i, habl\u00f3 en conferencia de prensa luego de la victoria de <strong>Independiente<\/strong> ante <strong>Hurac\u00e1n<\/strong> por 3-1, que lo deposit\u00f3 en los cuartos de final de la <strong>Copa de la Liga<\/strong>.<\/p>\n<p><em>\u201c<strong>Deseamos que pronto Julio (Falcioni) pueda estar bien y vuelva con nosotros<\/strong>\u201d<\/em>, expres\u00f3 el entrenador en el comienzo.<\/p>\n<p>En cuanto al desarrollo del partido, se\u00f1al\u00f3<em>: \u201c<strong>Salieron muchas de las cosas que trabajamos en la semana<\/strong>, fue un lindo partido. Tuvimos muchos buenos pases, en defensa estuvimos bien y eso llev\u00f3 a que el equipo se llevase los tres puntos, junto con el <strong>gran esfuerzo que hicieron los muchachos<\/strong>\u201d<\/em>.<\/p>\n<p><em>\u201c<strong>No s\u00e9 si el equipo madur\u00f3<\/strong>. Nos falta mucho para estar mejor, pero <strong>los muchachos se esfuerzan mucho para mejorar<\/strong>. Siempre los errores te pueden dejar afuera de un torneo, pero el rival tambi\u00e9n puede equivocarse o nosotros hacer mejor las<\/em> cosas\u201d, agreg\u00f3 en cuanto al desempe\u00f1o del equipo.<\/p>\n<p>Por \u00faltimo, de cara al duelo frente a <strong>Montevideo City Torque<\/strong> por <strong>Copa Sudamericana<\/strong>, coment\u00f3: <em>\u201cJulio (Falcioni) es quien est\u00e1 a al frente del grupo de cuerpo t\u00e9cnico y jugadores, y <strong>tendremos que hablar con \u00e9l para saber qui\u00e9nes estar\u00e1n en Montevideo<\/strong>. Seguramente est\u00e9 presente en la pr\u00e1ctica como lo hizo en estos d\u00edas\u201d.<\/em><\/p>\n<p><iframe loading=\"lazy\" title=\"YouTube video player\" src=\"https:\/\/www.youtube.com\/embed\/qKkZJoGD_Ow\" width=\"560\" height=\"315\" frameborder=\"0\" allowfullscreen=\"allowfullscreen\"><\/iframe><\/p>\n","protected":false},"excerpt":{"rendered":"<div class=\"mh-excerpt\"><p>Pedro Monz\u00f3n, quien hoy fue el DT de Independiente debido a la ausencia de Julio Falcioni, habl\u00f3 en conferencia de prensa luego de la victoria de Independiente ante Hurac\u00e1n por 3-1, que lo deposit\u00f3 en <a class=\"mh-excerpt-more\" href=\"https:\/\/www.masrojo.com.ar\/home\/2021\/05\/09\/pedro-monzon-salieron-muchas-cosas-que-trabajamos-en-la-semana\/\" title=\"Pedro Monz\u00f3n: \u00abSalieron muchas cosas que trabajamos en la semana\u00bb\">[&#8230;]<\/a><\/p>\n<\/div>","protected":false},"author":1,"featured_media":0,"comment_status":"closed","ping_status":"closed","sticky":false,"template":"","format":"video","meta":{"_jetpack_memberships_contains_paid_content":false,"footnotes":"","jetpack_publicize_message":"","jetpack_publicize_feature_enabled":true,"jetpack_social_post_already_shared":true,"jetpack_social_options":{"image_generator_settings":{"template":"highway","enabled":false},"version":2}},"categories":[4],"tags":[28,17,1023,581],"class_list":{"0":"post-50265","1":"post","2":"type-post","3":"status-publish","4":"format-video","6":"category-actualidad","7":"tag-huracan","8":"tag-independiente","9":"tag-julio-falcioni","10":"tag-pedro-monzon","11":"post_format-post-format-video"},"jetpack_publicize_connections":[],"jetpack_sharing_enabled":true,"jetpack_featured_media_url":"","jetpack_shortlink":"https:\/\/wp.me\/p90W9F-d4J","_links":{"self":[{"href":"https:\/\/www.masrojo.com.ar\/home\/wp-json\/wp\/v2\/posts\/50265"}],"collection":[{"href":"https:\/\/www.masrojo.com.ar\/home\/wp-json\/wp\/v2\/posts"}],"about":[{"href":"https:\/\/www.masrojo.com.ar\/home\/wp-json\/wp\/v2\/types\/post"}],"author":[{"embeddable":true,"href":"https:\/\/www.masrojo.com.ar\/home\/wp-json\/wp\/v2\/users\/1"}],"replies":[{"embeddable":true,"href":"https:\/\/www.masrojo.com.ar\/home\/wp-json\/wp\/v2\/comments?post=50265"}],"version-history":[{"count":2,"href":"https:\/\/www.masrojo.com.ar\/home\/wp-json\/wp\/v2\/posts\/50265\/revisions"}],"predecessor-version":[{"id":50303,"href":"https:\/\/www.masrojo.com.ar\/home\/wp-json\/wp\/v2\/posts\/50265\/revisions\/50303"}],"wp:attachment":[{"href":"https:\/\/www.masrojo.com.ar\/home\/wp-json\/wp\/v2\/media?parent=50265"}],"wp:term":[{"taxonomy":"category","embeddable":true,"href":"https:\/\/www.masrojo.com.ar\/home\/wp-json\/wp\/v2\/categories?post=50265"},{"taxonomy":"post_tag","embeddable":true,"href":"https:\/\/www.masrojo.com.ar\/home\/wp-json\/wp\/v2\/tags?post=50265"}],"curies":[{"name":"wp","href":"https:\/\/api.w.org\/{rel}","templated":true}]}}