{"id":50419,"date":"2021-05-13T13:39:03","date_gmt":"2021-05-13T16:39:03","guid":{"rendered":"https:\/\/www.masrojo.com.ar\/home\/?p=50419"},"modified":"2021-05-13T13:39:03","modified_gmt":"2021-05-13T16:39:03","slug":"sede-confirmada","status":"publish","type":"post","link":"https:\/\/www.masrojo.com.ar\/home\/2021\/05\/13\/sede-confirmada\/","title":{"rendered":"Sede confirmada"},"content":{"rendered":"<p style=\"text-align: justify;\"><strong>Independiente se encuentra puntero en el grupo B de la Copa Sudamericana y sigue firme en busca del objetivo que es conseguir el tercer t\u00edtulo en esta competencia y ahora ya sabe d\u00f3nde podr\u00eda llegar a disputar el partido que le d\u00e9 ese trofeo.\u00a0<\/strong><\/p>\n<p style=\"text-align: justify;\">En medio de un momento muy turbulento en toda Sudam\u00e9rica por el Coronavirus y los problemas sociales en diferentes pa\u00edses, la CONMEBOL dice que el show debe continuar y ahora confirm\u00f3 el estadio donde se disputar\u00e1n las finales de las actuales ediciones la Copa Libertadores y Copa Sudamericana.<\/p>\n<p style=\"text-align: justify;\">Y el lugar ser\u00e1 en el<strong> estadio Centenario de Montevideo,<\/strong> la capital uruguaya, estadio que le sienta muy bien a Independiente: en 1964 disput\u00f3 la primera final ante Nacional en ese estadio donde empat\u00f3 0-0 para quedarse con el t\u00edtulo en la Doble Visera, entre otros partidos hist\u00f3ricos del Rey de Copas.<\/p>\n<p style=\"text-align: justify;\"><img data-recalc-dims=\"1\" loading=\"lazy\" decoding=\"async\" class=\"alignnone size-full wp-image-50420\" src=\"https:\/\/i0.wp.com\/www.masrojo.com.ar\/home\/wp-content\/uploads\/descarga-10.jpeg?resize=300%2C168&#038;ssl=1\" alt=\"\" width=\"300\" height=\"168\" \/><\/p>\n<p style=\"text-align: justify;\">La pr\u00f3xima semana el Rojo enfrentar\u00e1 a Bah\u00eda en el Libertadores de Am\u00e9rica con la intenci\u00f3n de dar otro paso, uno m\u00e1s que lo acerque a ese d\u00eda tan especial en el legendario Estadio Centenario.<\/p>\n","protected":false},"excerpt":{"rendered":"<div class=\"mh-excerpt\"><p>Independiente se encuentra puntero en el grupo B de la Copa Sudamericana y sigue firme en busca del objetivo que es conseguir el tercer t\u00edtulo en esta competencia y ahora ya sabe d\u00f3nde podr\u00eda llegar <a class=\"mh-excerpt-more\" href=\"https:\/\/www.masrojo.com.ar\/home\/2021\/05\/13\/sede-confirmada\/\" title=\"Sede confirmada\">[&#8230;]<\/a><\/p>\n<\/div>","protected":false},"author":2,"featured_media":0,"comment_status":"closed","ping_status":"closed","sticky":false,"template":"","format":"standard","meta":{"_jetpack_memberships_contains_paid_content":false,"footnotes":"","jetpack_publicize_message":"","jetpack_publicize_feature_enabled":true,"jetpack_social_post_already_shared":true,"jetpack_social_options":{"image_generator_settings":{"template":"highway","enabled":false},"version":2}},"categories":[4],"tags":[58,17,84],"class_list":{"0":"post-50419","1":"post","2":"type-post","3":"status-publish","4":"format-standard","6":"category-actualidad","7":"tag-conmebol","8":"tag-independiente","9":"tag-sudamericana"},"jetpack_publicize_connections":[],"jetpack_sharing_enabled":true,"jetpack_featured_media_url":"","jetpack_shortlink":"https:\/\/wp.me\/p90W9F-d7d","_links":{"self":[{"href":"https:\/\/www.masrojo.com.ar\/home\/wp-json\/wp\/v2\/posts\/50419"}],"collection":[{"href":"https:\/\/www.masrojo.com.ar\/home\/wp-json\/wp\/v2\/posts"}],"about":[{"href":"https:\/\/www.masrojo.com.ar\/home\/wp-json\/wp\/v2\/types\/post"}],"author":[{"embeddable":true,"href":"https:\/\/www.masrojo.com.ar\/home\/wp-json\/wp\/v2\/users\/2"}],"replies":[{"embeddable":true,"href":"https:\/\/www.masrojo.com.ar\/home\/wp-json\/wp\/v2\/comments?post=50419"}],"version-history":[{"count":1,"href":"https:\/\/www.masrojo.com.ar\/home\/wp-json\/wp\/v2\/posts\/50419\/revisions"}],"predecessor-version":[{"id":50426,"href":"https:\/\/www.masrojo.com.ar\/home\/wp-json\/wp\/v2\/posts\/50419\/revisions\/50426"}],"wp:attachment":[{"href":"https:\/\/www.masrojo.com.ar\/home\/wp-json\/wp\/v2\/media?parent=50419"}],"wp:term":[{"taxonomy":"category","embeddable":true,"href":"https:\/\/www.masrojo.com.ar\/home\/wp-json\/wp\/v2\/categories?post=50419"},{"taxonomy":"post_tag","embeddable":true,"href":"https:\/\/www.masrojo.com.ar\/home\/wp-json\/wp\/v2\/tags?post=50419"}],"curies":[{"name":"wp","href":"https:\/\/api.w.org\/{rel}","templated":true}]}}