{"id":51202,"date":"2021-06-17T14:16:17","date_gmt":"2021-06-17T17:16:17","guid":{"rendered":"https:\/\/www.masrojo.com.ar\/home\/?p=51202"},"modified":"2021-06-17T14:16:17","modified_gmt":"2021-06-17T17:16:17","slug":"gaudio-redrado-un-doble-que-salio-a-la-cancha","status":"publish","type":"post","link":"https:\/\/www.masrojo.com.ar\/home\/2021\/06\/17\/gaudio-redrado-un-doble-que-salio-a-la-cancha\/","title":{"rendered":"GAUDIO-REDRADO, UN DOBLE QUE SALI\u00d3 A LA CANCHA"},"content":{"rendered":"<p class=\"article__dropline soft\" style=\"text-align: justify;\">El extenista y el economista piensan en encabezar una f\u00f3rmula pol\u00edtica y lanzaron una primera instant\u00e1nea juntos a modo de ensayo para medir la reacci\u00f3n de socios e hinchas.<\/p>\n<p class=\"article__byline margin_top margin_bottom flex\" style=\"text-align: justify;\"><b>Gast\u00f3n Gaudio y Mart\u00edn Redrado quieren desembarcar en Independiente e iniciaron su campa\u00f1a: lo hicieron con una imagen que parece casual pero no lo es en la que aparecen en un espacio p\u00fablico, caf\u00e9 de por medio, en actitud de charla distendida.<\/b><\/p>\n<p style=\"text-align: justify;\">\n<div>\n<p class=\"paragraph\" style=\"text-align: justify;\">Lo cierto es que con esa imagen que comenz\u00f3 a difundirse en redes sociales, el ex tenista campe\u00f3n en Roland Garros 2004 y el economista, ambos fan\u00e1ticos del Rojo, intentan conocer la reacci\u00f3n, la temperatura de los socios e hinchas del club a s\u00f3lo seis meses de las elecciones programadas para diciembre de 2021. Si hay respaldo y advierten la aprobaci\u00f3n de buena parte de la masa, entonces lanzar\u00e1n su candidatura a la que parece faltarle a\u00fan una referencia futbol\u00edstica de peso para unir las partes: pol\u00edtica, historia y votantes.<\/p>\n<p class=\"paragraph\" style=\"text-align: justify;\">es la de Redrado la imagen a seguir porque si bien no tiene relaci\u00f3n con el f\u00fatbol su figura es sustancial porque en caso de una eventual presentaci\u00f3n como candidata a suceder a Hugo Moyano y compa\u00f1\u00eda, ser\u00eda quien llevar\u00eda adelante la ingenier\u00eda econ\u00f3mica de un club demasiado grande para la poca relevancia local e internacional de su presente. \u201cQuiero recuperar el buen tratamiento de pelota. Independiente fue siempre del f\u00fatbol creativo\u201d, expres\u00f3 quien fuera presidente del Banco Central.<\/p>\n<p class=\"paragraph\" style=\"text-align: justify;\">Claro que tambi\u00e9n fue m\u00e1s all\u00e1 al ser consultado sobre una posible candidatura. Aunque falto de una respuesta concreta, abri\u00f3 el campo del lanzamiento pol\u00edtico:\u00a0<b>\u201cVoy a hacer todo lo que pueda para ayudar a Independiente.\u00a0<\/b>Como hincha, me gustar\u00eda que el Rojo vuelva a deleitarnos\u201d, dijo, aunque lanz\u00f3 entonces que \u201cen el corto plazo no tengo como plan ser presidente\u201d. Las declaraciones fueron hechas en 2020 y ya parece haber pasado un tiempo prudencial para, definitivamente, comenzar a sondear si cuentan con acompa\u00f1amiento suficiente.<\/p>\n<div class=\"default-article-color deportes-article-color article__body\">\n<p class=\"paragraph\">Para muestra de que ning\u00fan detalle escapa al posible candidato, fue \u00e9l quien expres\u00f3: \u201cHay falencias importantes.\u00a0<b>El principal problema es que en 2017-18 vendimos mal y compramos peor.<\/b>\u00a0Los jugadores que vendimos como (Nicol\u00e1s) Tagliafico nos llevaron a estar en las Copas y nos generaron d\u00f3lares\u201d.<\/p>\n<p class=\"paragraph\">En su an\u00e1lisis, agreg\u00f3 m\u00e1s tarde: \u201cAhora dejaron de estar y los jugadores que trajimos generaron costos en d\u00f3lares e ingresos en pesos. Y eso nos trajo serios problemas de gesti\u00f3n\u201d.<\/p>\n<p class=\"paragraph\">Mart\u00edn Redrado nunca fue parte de la gesti\u00f3n pol\u00edtica de Independiente pero s\u00ed un colaborador clave ya que encabez\u00f3 una auditor\u00eda sobre las cuentas del club al que tiene muchas ganas de conducir. La foto con Gast\u00f3n Gaudio es el comienzo de, al menos, una exploraci\u00f3n de f\u00f3rmula.<\/p>\n<\/div>\n<div class=\"elements-container flex flex_column align_center\">\n<div class=\"related_articles width_full\">\n<p class=\"related__tags flex\" style=\"text-align: justify;\">\n<\/div>\n<\/div>\n<\/div>\n","protected":false},"excerpt":{"rendered":"<div class=\"mh-excerpt\"><p>El extenista y el economista piensan en encabezar una f\u00f3rmula pol\u00edtica y lanzaron una primera instant\u00e1nea juntos a modo de ensayo para medir la reacci\u00f3n de socios e hinchas. Gast\u00f3n Gaudio y Mart\u00edn Redrado quieren <a class=\"mh-excerpt-more\" href=\"https:\/\/www.masrojo.com.ar\/home\/2021\/06\/17\/gaudio-redrado-un-doble-que-salio-a-la-cancha\/\" title=\"GAUDIO-REDRADO, UN DOBLE QUE SALI\u00d3 A LA CANCHA\">[&#8230;]<\/a><\/p>\n<\/div>","protected":false},"author":6,"featured_media":51203,"comment_status":"closed","ping_status":"closed","sticky":false,"template":"","format":"image","meta":{"_jetpack_memberships_contains_paid_content":false,"footnotes":"","jetpack_publicize_message":"","jetpack_publicize_feature_enabled":true,"jetpack_social_post_already_shared":true,"jetpack_social_options":{"image_generator_settings":{"template":"highway","enabled":false},"version":2}},"categories":[106],"tags":[],"class_list":{"0":"post-51202","1":"post","2":"type-post","3":"status-publish","4":"format-image","5":"has-post-thumbnail","7":"category-politica","8":"post_format-post-format-image"},"jetpack_publicize_connections":[],"jetpack_sharing_enabled":true,"jetpack_featured_media_url":"https:\/\/i0.wp.com\/www.masrojo.com.ar\/home\/wp-content\/uploads\/Sin-t%C3%ADtulo.jpg?fit=948%2C656&ssl=1","jetpack_shortlink":"https:\/\/wp.me\/p90W9F-djQ","_links":{"self":[{"href":"https:\/\/www.masrojo.com.ar\/home\/wp-json\/wp\/v2\/posts\/51202"}],"collection":[{"href":"https:\/\/www.masrojo.com.ar\/home\/wp-json\/wp\/v2\/posts"}],"about":[{"href":"https:\/\/www.masrojo.com.ar\/home\/wp-json\/wp\/v2\/types\/post"}],"author":[{"embeddable":true,"href":"https:\/\/www.masrojo.com.ar\/home\/wp-json\/wp\/v2\/users\/6"}],"replies":[{"embeddable":true,"href":"https:\/\/www.masrojo.com.ar\/home\/wp-json\/wp\/v2\/comments?post=51202"}],"version-history":[{"count":1,"href":"https:\/\/www.masrojo.com.ar\/home\/wp-json\/wp\/v2\/posts\/51202\/revisions"}],"predecessor-version":[{"id":51209,"href":"https:\/\/www.masrojo.com.ar\/home\/wp-json\/wp\/v2\/posts\/51202\/revisions\/51209"}],"wp:featuredmedia":[{"embeddable":true,"href":"https:\/\/www.masrojo.com.ar\/home\/wp-json\/wp\/v2\/media\/51203"}],"wp:attachment":[{"href":"https:\/\/www.masrojo.com.ar\/home\/wp-json\/wp\/v2\/media?parent=51202"}],"wp:term":[{"taxonomy":"category","embeddable":true,"href":"https:\/\/www.masrojo.com.ar\/home\/wp-json\/wp\/v2\/categories?post=51202"},{"taxonomy":"post_tag","embeddable":true,"href":"https:\/\/www.masrojo.com.ar\/home\/wp-json\/wp\/v2\/tags?post=51202"}],"curies":[{"name":"wp","href":"https:\/\/api.w.org\/{rel}","templated":true}]}}