{"id":51210,"date":"2021-06-17T21:10:26","date_gmt":"2021-06-18T00:10:26","guid":{"rendered":"https:\/\/www.masrojo.com.ar\/home\/?p=51210"},"modified":"2021-06-17T21:10:26","modified_gmt":"2021-06-18T00:10:26","slug":"sigue-en-velez","status":"publish","type":"post","link":"https:\/\/www.masrojo.com.ar\/home\/2021\/06\/17\/sigue-en-velez\/","title":{"rendered":"SIGUE EN V\u00c9LEZ"},"content":{"rendered":"<p style=\"text-align: justify;\"><em>Independiente ten\u00eda la intenci\u00f3n de repatriar a Federico Mancuello, que tiene contrato con la entidad de Liniers hasta fin de a\u00f1o.<\/em><\/p>\n<p style=\"text-align: justify;\"><em>En tal sentido el presidente de V\u00e9lez Sarsfield, Sergio Rapisarda, fue contundente con respecto al futuro inmediato de\u00a0<strong>Federico Mancuello<\/strong>, uno de los nombres que sonaron para reforzar a\u00a0<strong>Independiente<\/strong>.<\/em><\/p>\n<p style=\"text-align: justify;\"><em><strong>\u201c\u00c9l va a seguir en V\u00e9lez. Ya tratamos este tema. Por supuesto que lo quer\u00eda Independiente y se hablaba de un resarcimiento, incluso hablaron con el jugador\u201d<\/strong>, confirm\u00f3 Rapisarda en TNT Sports Continental.<\/em><\/p>\n<p style=\"text-align: justify;\"><em>Y a continuaci\u00f3n, remat\u00f3:\u00a0<strong>\u201cA nosotros no nos lleg\u00f3 nada porque el chico quiere quedarse y tiene contrato hasta diciembre. Se va a quedar con nosotros hasta fin de a\u00f1o\u201d<\/strong>.<\/em><\/p>\n","protected":false},"excerpt":{"rendered":"<div class=\"mh-excerpt\"><p>Independiente ten\u00eda la intenci\u00f3n de repatriar a Federico Mancuello, que tiene contrato con la entidad de Liniers hasta fin de a\u00f1o. En tal sentido el presidente de V\u00e9lez Sarsfield, Sergio Rapisarda, fue contundente con respecto <a class=\"mh-excerpt-more\" href=\"https:\/\/www.masrojo.com.ar\/home\/2021\/06\/17\/sigue-en-velez\/\" title=\"SIGUE EN V\u00c9LEZ\">[&#8230;]<\/a><\/p>\n<\/div>","protected":false},"author":6,"featured_media":0,"comment_status":"closed","ping_status":"closed","sticky":false,"template":"","format":"image","meta":{"_jetpack_memberships_contains_paid_content":false,"footnotes":"","jetpack_publicize_message":"","jetpack_publicize_feature_enabled":true,"jetpack_social_post_already_shared":true,"jetpack_social_options":{"image_generator_settings":{"template":"highway","enabled":false},"version":2}},"categories":[4],"tags":[],"class_list":{"0":"post-51210","1":"post","2":"type-post","3":"status-publish","4":"format-image","6":"category-actualidad","7":"post_format-post-format-image"},"jetpack_publicize_connections":[],"jetpack_sharing_enabled":true,"jetpack_featured_media_url":"","jetpack_shortlink":"https:\/\/wp.me\/p90W9F-djY","_links":{"self":[{"href":"https:\/\/www.masrojo.com.ar\/home\/wp-json\/wp\/v2\/posts\/51210"}],"collection":[{"href":"https:\/\/www.masrojo.com.ar\/home\/wp-json\/wp\/v2\/posts"}],"about":[{"href":"https:\/\/www.masrojo.com.ar\/home\/wp-json\/wp\/v2\/types\/post"}],"author":[{"embeddable":true,"href":"https:\/\/www.masrojo.com.ar\/home\/wp-json\/wp\/v2\/users\/6"}],"replies":[{"embeddable":true,"href":"https:\/\/www.masrojo.com.ar\/home\/wp-json\/wp\/v2\/comments?post=51210"}],"version-history":[{"count":1,"href":"https:\/\/www.masrojo.com.ar\/home\/wp-json\/wp\/v2\/posts\/51210\/revisions"}],"predecessor-version":[{"id":51217,"href":"https:\/\/www.masrojo.com.ar\/home\/wp-json\/wp\/v2\/posts\/51210\/revisions\/51217"}],"wp:attachment":[{"href":"https:\/\/www.masrojo.com.ar\/home\/wp-json\/wp\/v2\/media?parent=51210"}],"wp:term":[{"taxonomy":"category","embeddable":true,"href":"https:\/\/www.masrojo.com.ar\/home\/wp-json\/wp\/v2\/categories?post=51210"},{"taxonomy":"post_tag","embeddable":true,"href":"https:\/\/www.masrojo.com.ar\/home\/wp-json\/wp\/v2\/tags?post=51210"}],"curies":[{"name":"wp","href":"https:\/\/api.w.org\/{rel}","templated":true}]}}