{"id":51218,"date":"2021-06-17T21:20:14","date_gmt":"2021-06-18T00:20:14","guid":{"rendered":"https:\/\/www.masrojo.com.ar\/home\/?p=51218"},"modified":"2021-06-17T21:20:14","modified_gmt":"2021-06-18T00:20:14","slug":"pretemporada-falcioni-y-los-40-jugadores","status":"publish","type":"post","link":"https:\/\/www.masrojo.com.ar\/home\/2021\/06\/17\/pretemporada-falcioni-y-los-40-jugadores\/","title":{"rendered":"PRETEMPORADA: FALCIONI Y LOS 40 JUGADORES"},"content":{"rendered":"<p style=\"text-align: justify;\">El plantel comenzar\u00e1 \u00e9ste viernes los trabajos de pretemporada en el predio de Villa Dominico. La primera pr\u00e1ctica del equipo que dirige Julio Falcioni ser\u00e1 a las 9.30 en el Centro de Alto Rendimiento.<\/p>\n<p style=\"text-align: justify;\">La agenda de los primeros d\u00edas ser\u00e1 as\u00ed:\u00a0<strong>la primera etapa constar\u00e1 de hisopados y estudios m\u00e9dicos para constatar que no haya lesiones ni infectados.<\/strong>\u00a0Luego, el domingo lo tendr\u00e1n libre para\u00a0<strong>ya el lunes arrancar con la parte fuerte de la pretemporada.\u00a0<\/strong><\/p>\n<p style=\"text-align: justify;\"><strong>Desde este viernes 18 de junio, los 40 jugadores citados deber\u00e1n presentarse en el predio de Villa Dom\u00ednico<\/strong>\u00a0para comenzar los trabajos con la mira puesta en la liga dom\u00e9stica, Copa Argentina y Copa Sudamericana. A ellos,\u00a0<strong>se le sumar\u00e1n futbolistas que regresan de sus pr\u00e9stamos y otros que suben de la Reserva. Cada caso ser\u00e1 analizado para ver si se mantienen en el plantel de Primera o se les busca alguna salida.<\/strong><\/p>\n<div class=\"google-auto-placed ap_container\">\n<p style=\"text-align: justify;\"><strong>Arqueros:<\/strong>\u00a0Sebasti\u00e1n Sosa, Milton \u00c1lvarez, Renzo Bacchia y Diego Segovia.<\/p>\n<p style=\"text-align: justify;\"><strong>Defensores:<\/strong>\u00a0Fabricio Bustos, Sergio Barreto, Juan Manuel Insaurralde, Lucas Rodr\u00edguez, Ayrton Costa, Thom\u00e1s Ortega, Gonzalo As\u00eds, Patricio Ostachuk, Juan Di Lorenzo, Ezequiel Mu\u00f1oz, Mauro Zurita y Santiago Vel\u00e1squez.<\/p>\n<p style=\"text-align: justify;\"><strong>Volantes:<\/strong>\u00a0Lucas Romero, Domingo Blanco, Lucas Gonz\u00e1lez, Adri\u00e1n Arregui, Andr\u00e9s Roa, Alan So\u00f1ora, Juan Pacchini, Carlos Benavidez, Pablo Hern\u00e1ndez, Tom\u00e1s Pozzo, Mat\u00edas Sosa y Juan Rom\u00e1n Zarza.<\/p>\n<p style=\"text-align: justify;\"><strong>Delanteros:<\/strong>\u00a0Silvio Romero, Sebasti\u00e1n Palacios, Alan Velasco, Braian Mart\u00ednez, Jonathan Herrera, Nicol\u00e1s Messiniti, Gast\u00f3n Togni, Marcos Landaburu, Cristian Ch\u00e1vez, Francisco Pizzini, Rodrigo M\u00e1rquez y Juli\u00e1n Romero.<\/p>\n<\/div>\n","protected":false},"excerpt":{"rendered":"<div class=\"mh-excerpt\"><p>El plantel comenzar\u00e1 \u00e9ste viernes los trabajos de pretemporada en el predio de Villa Dominico. La primera pr\u00e1ctica del equipo que dirige Julio Falcioni ser\u00e1 a las 9.30 en el Centro de Alto Rendimiento. La <a class=\"mh-excerpt-more\" href=\"https:\/\/www.masrojo.com.ar\/home\/2021\/06\/17\/pretemporada-falcioni-y-los-40-jugadores\/\" title=\"PRETEMPORADA: FALCIONI Y LOS 40 JUGADORES\">[&#8230;]<\/a><\/p>\n<\/div>","protected":false},"author":6,"featured_media":46840,"comment_status":"closed","ping_status":"closed","sticky":false,"template":"","format":"image","meta":{"_jetpack_memberships_contains_paid_content":false,"footnotes":"","jetpack_publicize_message":"","jetpack_publicize_feature_enabled":true,"jetpack_social_post_already_shared":true,"jetpack_social_options":{"image_generator_settings":{"template":"highway","enabled":false},"version":2}},"categories":[4],"tags":[],"class_list":{"0":"post-51218","1":"post","2":"type-post","3":"status-publish","4":"format-image","5":"has-post-thumbnail","7":"category-actualidad","8":"post_format-post-format-image"},"jetpack_publicize_connections":[],"jetpack_sharing_enabled":true,"jetpack_featured_media_url":"https:\/\/i0.wp.com\/www.masrojo.com.ar\/home\/wp-content\/uploads\/falcioni_862x485.jpg?fit=862%2C485&ssl=1","jetpack_shortlink":"https:\/\/wp.me\/p90W9F-dk6","_links":{"self":[{"href":"https:\/\/www.masrojo.com.ar\/home\/wp-json\/wp\/v2\/posts\/51218"}],"collection":[{"href":"https:\/\/www.masrojo.com.ar\/home\/wp-json\/wp\/v2\/posts"}],"about":[{"href":"https:\/\/www.masrojo.com.ar\/home\/wp-json\/wp\/v2\/types\/post"}],"author":[{"embeddable":true,"href":"https:\/\/www.masrojo.com.ar\/home\/wp-json\/wp\/v2\/users\/6"}],"replies":[{"embeddable":true,"href":"https:\/\/www.masrojo.com.ar\/home\/wp-json\/wp\/v2\/comments?post=51218"}],"version-history":[{"count":1,"href":"https:\/\/www.masrojo.com.ar\/home\/wp-json\/wp\/v2\/posts\/51218\/revisions"}],"predecessor-version":[{"id":51224,"href":"https:\/\/www.masrojo.com.ar\/home\/wp-json\/wp\/v2\/posts\/51218\/revisions\/51224"}],"wp:featuredmedia":[{"embeddable":true,"href":"https:\/\/www.masrojo.com.ar\/home\/wp-json\/wp\/v2\/media\/46840"}],"wp:attachment":[{"href":"https:\/\/www.masrojo.com.ar\/home\/wp-json\/wp\/v2\/media?parent=51218"}],"wp:term":[{"taxonomy":"category","embeddable":true,"href":"https:\/\/www.masrojo.com.ar\/home\/wp-json\/wp\/v2\/categories?post=51218"},{"taxonomy":"post_tag","embeddable":true,"href":"https:\/\/www.masrojo.com.ar\/home\/wp-json\/wp\/v2\/tags?post=51218"}],"curies":[{"name":"wp","href":"https:\/\/api.w.org\/{rel}","templated":true}]}}