{"id":51225,"date":"2021-06-18T14:13:24","date_gmt":"2021-06-18T17:13:24","guid":{"rendered":"https:\/\/www.masrojo.com.ar\/home\/?p=51225"},"modified":"2021-06-18T14:13:24","modified_gmt":"2021-06-18T17:13:24","slug":"arranco-la-pretemporada","status":"publish","type":"post","link":"https:\/\/www.masrojo.com.ar\/home\/2021\/06\/18\/arranco-la-pretemporada\/","title":{"rendered":"ARRANC\u00d3 LA PRETEMPORADA"},"content":{"rendered":"<div class=\"row\">\n<div class=\"col-lg-10\">\n<div class=\"row\">\n<div class=\"col-md-9 col-lg-8\">\n<p class=\"d-inline-block--\" style=\"text-align: justify;\"><span class=\"tt-5b --nxl-fondo-rojo --text-white\">El equipo de Julio C\u00e9sar Falcioni tuvo su primer entrenamiento de cara al segundo semestre del 2021.<\/span><\/p>\n<\/div>\n<\/div>\n<\/div>\n<\/div>\n<div class=\"row my-3\">\n<p style=\"text-align: justify;\">Independiente comenz\u00f3 los trabajos de pretemporada esta ma\u00f1ana en el Centro de Alto Rendimiento de Villa Dom\u00ednico. El plantel que dirige Julio C\u00e9sar Falcioni inici\u00f3 la etapa preparatoria de cara al arranque del campeonato argentino, los octavos de final de la Conmebol Sudamericana y la Copa Argentina.<\/p>\n<p style=\"text-align: justify;\">La jornada comenz\u00f3 con una buena noticia: todos los hisopados realizados al Plantel Profesional dieron negativo a Covid-19. Posteriormente, los jugadores se hicieron estudios cineantropom\u00e9tricos, en el marco de una serie de evaluaciones f\u00edsicas y m\u00e9dicas que se llevar\u00e1n a cabo durante los pr\u00f3ximos d\u00edas.<\/p>\n<p style=\"text-align: justify;\">Uno de los principales objetivos de la pretemporada ser\u00e1 sentar bases s\u00f3lidas en cuanto a la capacidad f\u00edsica de los futbolistas. Por esa raz\u00f3n, el entrenamiento en campo se bas\u00f3 en ejercicios f\u00edsicos a las \u00f3rdenes de Gustavo Otero: circuitos de fuerza y bloques anaer\u00f3bicos.<\/p>\n<p style=\"text-align: justify;\">Ezequiel Mu\u00f1oz y Carlos Benavidez transitan la \u00faltima etapa de sus recuperaciones y realizaron todos los ejercicios junto a sus compa\u00f1eros. En las pr\u00f3ximas semanas, empezar\u00e1n progresivamente a trabajar con pelota. Adri\u00e1n Arregui, por una sinovitis de rodilla, solo hizo kinesiolog\u00eda.<\/p>\n<p style=\"text-align: justify;\">El equipo repetir\u00e1 la modalidad de trabajo este s\u00e1bado y tambi\u00e9n el domingo. Desde el lunes quedar\u00e1 concentrado y practicar\u00e1 hasta el s\u00e1bado inclusive en doble turno, completando as\u00ed el primer microciclo de entrenamientos.<\/p>\n<p style=\"text-align: justify;\"><u><strong>La lista de los futbolistas presentes:\u00a0<\/strong><\/u><\/p>\n<p style=\"text-align: justify;\"><strong>Arqueros:<\/strong>\u00a0Sebasti\u00e1n Sosa, Milton \u00c1lvarez, Renzo Bacchia, Diego Segovia.<\/p>\n<p style=\"text-align: justify;\"><strong>Defensores:<\/strong>\u00a0Fabricio Bustos, Gonzalo Asis, Sergio Barreto, Patricio Ostachuk, Ayrton Costa, Juan Insaurralde, Thomas Ortega, Lucas Rodr\u00edguez, Ezequiel Mu\u00f1oz, Mauro Zurita, Juan Di Lorenzo, Santiago Vel\u00e1squez.<\/p>\n<p style=\"text-align: justify;\"><strong>Volantes:<\/strong>\u00a0Lucas Gonz\u00e1lez, Alan So\u00f1ora, Andres Roa, Lucas Romero, Domingo Blanco, Juan Pacchini, Adri\u00e1n Arregui, Gast\u00f3n Togni, Carlos Benavidez, Tom\u00e1s Pozzo, Juan Zarza, Mat\u00edas Sosa Ugolini.<\/p>\n<p style=\"text-align: justify;\"><strong>Delanteros:<\/strong>\u00a0Braian Mart\u00ednez, Silvio Romero, Jonathan Herrera, Sebasti\u00e1n Palacios, Alan Velasco, Nicol\u00e1s Messiniti, Francisco Pizzini, Juli\u00e1n Romero, Rodrigo M\u00e1rquez.<\/p>\n<\/div>\n","protected":false},"excerpt":{"rendered":"<div class=\"mh-excerpt\"><p>El equipo de Julio C\u00e9sar Falcioni tuvo su primer entrenamiento de cara al segundo semestre del 2021. Independiente comenz\u00f3 los trabajos de pretemporada esta ma\u00f1ana en el Centro de Alto Rendimiento de Villa Dom\u00ednico. El <a class=\"mh-excerpt-more\" href=\"https:\/\/www.masrojo.com.ar\/home\/2021\/06\/18\/arranco-la-pretemporada\/\" title=\"ARRANC\u00d3 LA PRETEMPORADA\">[&#8230;]<\/a><\/p>\n<\/div>","protected":false},"author":6,"featured_media":51226,"comment_status":"closed","ping_status":"closed","sticky":false,"template":"","format":"image","meta":{"_jetpack_memberships_contains_paid_content":false,"footnotes":"","jetpack_publicize_message":"","jetpack_publicize_feature_enabled":true,"jetpack_social_post_already_shared":true,"jetpack_social_options":{"image_generator_settings":{"template":"highway","enabled":false},"version":2}},"categories":[4],"tags":[],"class_list":{"0":"post-51225","1":"post","2":"type-post","3":"status-publish","4":"format-image","5":"has-post-thumbnail","7":"category-actualidad","8":"post_format-post-format-image"},"jetpack_publicize_connections":[],"jetpack_sharing_enabled":true,"jetpack_featured_media_url":"https:\/\/i0.wp.com\/www.masrojo.com.ar\/home\/wp-content\/uploads\/rumboasanjuan.jpg?fit=888%2C592&ssl=1","jetpack_shortlink":"https:\/\/wp.me\/p90W9F-dkd","_links":{"self":[{"href":"https:\/\/www.masrojo.com.ar\/home\/wp-json\/wp\/v2\/posts\/51225"}],"collection":[{"href":"https:\/\/www.masrojo.com.ar\/home\/wp-json\/wp\/v2\/posts"}],"about":[{"href":"https:\/\/www.masrojo.com.ar\/home\/wp-json\/wp\/v2\/types\/post"}],"author":[{"embeddable":true,"href":"https:\/\/www.masrojo.com.ar\/home\/wp-json\/wp\/v2\/users\/6"}],"replies":[{"embeddable":true,"href":"https:\/\/www.masrojo.com.ar\/home\/wp-json\/wp\/v2\/comments?post=51225"}],"version-history":[{"count":1,"href":"https:\/\/www.masrojo.com.ar\/home\/wp-json\/wp\/v2\/posts\/51225\/revisions"}],"predecessor-version":[{"id":51232,"href":"https:\/\/www.masrojo.com.ar\/home\/wp-json\/wp\/v2\/posts\/51225\/revisions\/51232"}],"wp:featuredmedia":[{"embeddable":true,"href":"https:\/\/www.masrojo.com.ar\/home\/wp-json\/wp\/v2\/media\/51226"}],"wp:attachment":[{"href":"https:\/\/www.masrojo.com.ar\/home\/wp-json\/wp\/v2\/media?parent=51225"}],"wp:term":[{"taxonomy":"category","embeddable":true,"href":"https:\/\/www.masrojo.com.ar\/home\/wp-json\/wp\/v2\/categories?post=51225"},{"taxonomy":"post_tag","embeddable":true,"href":"https:\/\/www.masrojo.com.ar\/home\/wp-json\/wp\/v2\/tags?post=51225"}],"curies":[{"name":"wp","href":"https:\/\/api.w.org\/{rel}","templated":true}]}}