{"id":51233,"date":"2021-06-22T09:14:58","date_gmt":"2021-06-22T12:14:58","guid":{"rendered":"https:\/\/www.masrojo.com.ar\/home\/?p=51233"},"modified":"2021-06-22T09:14:58","modified_gmt":"2021-06-22T12:14:58","slug":"llega-el-primero-3","status":"publish","type":"post","link":"https:\/\/www.masrojo.com.ar\/home\/2021\/06\/22\/llega-el-primero-3\/","title":{"rendered":"LLEGA EL PRIMERO"},"content":{"rendered":"<p><b>Joaqu\u00edn Laso ser\u00e1 el primer refuerzo de Independiente en este mercado de pases.\u00a0<\/b><\/p>\n<div>Falcioni e Independiente tendr\u00e1n a su primer refuerzo de cara al pr\u00f3ximo semestre. Esta semana, el defensor Joaqu\u00edn Laso, se realizara\u00a0la revisi\u00f3n m\u00e9dica y, si todo sale correctamente, se convertir\u00e1 en jugador del Rey de Copas.<\/div>\n<div><\/div>\n<div>\n<div>Joaqu\u00edn Laso firmar\u00eda un contrato por 18 meses a pr\u00e9stamo, con una opci\u00f3n de compra de 450 mil d\u00f3lares.<\/div>\n<div>\n<div><\/div>\n<div>\n<div><b><u>Estad\u00edsticas del jugador y algo de su carrera:<\/u><\/b><\/div>\n<div><b><u>\u00a0<\/u><\/b><\/div>\n<div>Durante este a\u00f1o 2021, el jugador disputo 16 partidos (3 de Copa Sudamericana y 13 de Copa Liga Profesional) con el Canalla. Convirti\u00f3\u00a0un gol y brindo una asistencia. Se fue amonestado en 5 ocasiones.<\/div>\n<div><\/div>\n<div>El jugador paso por varios clubes durante su carrera: Tigre (2009-2011), Uni\u00f3n de Mar del Plata (2011), Atl\u00e9tico\u00a0Roque P\u00e9rez\u00a0(2012), Hurac\u00e1n de Tres Arroyos (2012-2013), Sportivo Italiano (2013-2014), Argentinos Juniors (2015-2017), V\u00e9lez Sarsfield (2018-2019), Atl\u00e9tico San Luis de M\u00e9xico (2019) y, por ultimo, Rosario Central.<\/div>\n<\/div>\n<\/div>\n<\/div>\n","protected":false},"excerpt":{"rendered":"<div class=\"mh-excerpt\"><p>Joaqu\u00edn Laso ser\u00e1 el primer refuerzo de Independiente en este mercado de pases.\u00a0 Falcioni e Independiente tendr\u00e1n a su primer refuerzo de cara al pr\u00f3ximo semestre. Esta semana, el defensor Joaqu\u00edn Laso, se realizara\u00a0la revisi\u00f3n <a class=\"mh-excerpt-more\" href=\"https:\/\/www.masrojo.com.ar\/home\/2021\/06\/22\/llega-el-primero-3\/\" title=\"LLEGA EL PRIMERO\">[&#8230;]<\/a><\/p>\n<\/div>","protected":false},"author":6,"featured_media":0,"comment_status":"closed","ping_status":"closed","sticky":false,"template":"","format":"image","meta":{"_jetpack_memberships_contains_paid_content":false,"footnotes":"","jetpack_publicize_message":"","jetpack_publicize_feature_enabled":true,"jetpack_social_post_already_shared":true,"jetpack_social_options":{"image_generator_settings":{"template":"highway","enabled":false},"version":2}},"categories":[4],"tags":[],"class_list":{"0":"post-51233","1":"post","2":"type-post","3":"status-publish","4":"format-image","6":"category-actualidad","7":"post_format-post-format-image"},"jetpack_publicize_connections":[],"jetpack_sharing_enabled":true,"jetpack_featured_media_url":"","jetpack_shortlink":"https:\/\/wp.me\/p90W9F-dkl","_links":{"self":[{"href":"https:\/\/www.masrojo.com.ar\/home\/wp-json\/wp\/v2\/posts\/51233"}],"collection":[{"href":"https:\/\/www.masrojo.com.ar\/home\/wp-json\/wp\/v2\/posts"}],"about":[{"href":"https:\/\/www.masrojo.com.ar\/home\/wp-json\/wp\/v2\/types\/post"}],"author":[{"embeddable":true,"href":"https:\/\/www.masrojo.com.ar\/home\/wp-json\/wp\/v2\/users\/6"}],"replies":[{"embeddable":true,"href":"https:\/\/www.masrojo.com.ar\/home\/wp-json\/wp\/v2\/comments?post=51233"}],"version-history":[{"count":1,"href":"https:\/\/www.masrojo.com.ar\/home\/wp-json\/wp\/v2\/posts\/51233\/revisions"}],"predecessor-version":[{"id":51240,"href":"https:\/\/www.masrojo.com.ar\/home\/wp-json\/wp\/v2\/posts\/51233\/revisions\/51240"}],"wp:attachment":[{"href":"https:\/\/www.masrojo.com.ar\/home\/wp-json\/wp\/v2\/media?parent=51233"}],"wp:term":[{"taxonomy":"category","embeddable":true,"href":"https:\/\/www.masrojo.com.ar\/home\/wp-json\/wp\/v2\/categories?post=51233"},{"taxonomy":"post_tag","embeddable":true,"href":"https:\/\/www.masrojo.com.ar\/home\/wp-json\/wp\/v2\/tags?post=51233"}],"curies":[{"name":"wp","href":"https:\/\/api.w.org\/{rel}","templated":true}]}}