{"id":51241,"date":"2021-06-22T09:20:38","date_gmt":"2021-06-22T12:20:38","guid":{"rendered":"https:\/\/www.masrojo.com.ar\/home\/?p=51241"},"modified":"2021-06-22T09:20:38","modified_gmt":"2021-06-22T12:20:38","slug":"van-a-buscar-a-mancuello","status":"publish","type":"post","link":"https:\/\/www.masrojo.com.ar\/home\/2021\/06\/22\/van-a-buscar-a-mancuello\/","title":{"rendered":"VAN A BUSCAR A MANCUELLO"},"content":{"rendered":"<p style=\"text-align: justify;\">Independiente quiere repatriar a Federico Mancuello.<\/p>\n<p style=\"text-align: justify;\"><span class=\"css-901oao css-16my406 r-poiln3 r-bcqeeo r-qvutc0\">La situaci\u00f3n es que\u00a0 hubo un llamado pero <\/span><span class=\"css-901oao css-16my406 r-poiln3 r-b88u0q r-bcqeeo r-qvutc0\">Mancuello<\/span><span class=\"css-901oao css-16my406 r-poiln3 r-bcqeeo r-qvutc0\"> no tiene precio, para <\/span><span class=\"css-901oao css-16my406 r-poiln3 r-b88u0q r-bcqeeo r-qvutc0\">V\u00e9lez<\/span><span class=\"css-901oao css-16my406 r-poiln3 r-bcqeeo r-qvutc0\"> no est\u00e1 a la venta. No hay inter\u00e9s ni predisposici\u00f3n de vender al jugador por el momento. En <span class=\"css-901oao css-16my406 r-poiln3 r-b88u0q r-bcqeeo r-qvutc0\">V\u00e9lez<\/span> no quieren saber nada con una venta. Desde lo futbol\u00edstico es importante en el club, se ha ganado la consideracion del entrenador y sus compa\u00f1eros. Y desde <span class=\"css-901oao css-16my406 r-poiln3 r-b88u0q r-bcqeeo r-qvutc0\">V\u00e9lez<\/span> creen que no tienen un plantel muy experimentado y en ese rubro, el ex Independiente es una pieza fundamental. <span class=\"css-901oao css-16my406 r-poiln3 r-b88u0q r-bcqeeo r-qvutc0\">Mancuello<\/span> tiene contrato hasta fin de a\u00f1o.<\/span><\/p>\n<p style=\"text-align: justify;\"><span class=\"css-901oao css-16my406 r-poiln3 r-bcqeeo r-qvutc0\">Desde Independiente buscar\u00e1n la desvinculaci\u00f3n inmediata de Mancuello. Se freci\u00f3 comprarle el 50% del pase al jugador m\u00e1s buen contrato. Har\u00e1n oferta formal a <\/span><span class=\"r-18u37iz\">V\u00e9lez<\/span><span class=\"css-901oao css-16my406 r-poiln3 r-bcqeeo r-qvutc0\"> para rescindir el pr\u00e9stamo.<\/span><\/p>\n<p style=\"text-align: justify;\"><span class=\"css-901oao css-16my406 r-poiln3 r-bcqeeo r-qvutc0\">Uriel P\u00e9rez y dirigentes de <\/span><span class=\"r-18u37iz\">Independiente<\/span><span class=\"css-901oao css-16my406 r-poiln3 r-bcqeeo r-qvutc0\"> solicitar\u00e1n una reuni\u00f3n con <\/span><span class=\"r-18u37iz\">V\u00e9lez<\/span><span class=\"css-901oao css-16my406 r-poiln3 r-bcqeeo r-qvutc0\"> para intentar acordar la salida de Mancuello. Su agente pretende que le compren parte del pase.<\/span><\/p>\n","protected":false},"excerpt":{"rendered":"<div class=\"mh-excerpt\"><p>Independiente quiere repatriar a Federico Mancuello. La situaci\u00f3n es que\u00a0 hubo un llamado pero Mancuello no tiene precio, para V\u00e9lez no est\u00e1 a la venta. No hay inter\u00e9s ni predisposici\u00f3n de vender al jugador por <a class=\"mh-excerpt-more\" href=\"https:\/\/www.masrojo.com.ar\/home\/2021\/06\/22\/van-a-buscar-a-mancuello\/\" title=\"VAN A BUSCAR A MANCUELLO\">[&#8230;]<\/a><\/p>\n<\/div>","protected":false},"author":6,"featured_media":0,"comment_status":"closed","ping_status":"closed","sticky":false,"template":"","format":"image","meta":{"_jetpack_memberships_contains_paid_content":false,"footnotes":"","jetpack_publicize_message":"","jetpack_publicize_feature_enabled":true,"jetpack_social_post_already_shared":true,"jetpack_social_options":{"image_generator_settings":{"template":"highway","enabled":false},"version":2}},"categories":[4],"tags":[],"class_list":{"0":"post-51241","1":"post","2":"type-post","3":"status-publish","4":"format-image","6":"category-actualidad","7":"post_format-post-format-image"},"jetpack_publicize_connections":[],"jetpack_sharing_enabled":true,"jetpack_featured_media_url":"","jetpack_shortlink":"https:\/\/wp.me\/p90W9F-dkt","_links":{"self":[{"href":"https:\/\/www.masrojo.com.ar\/home\/wp-json\/wp\/v2\/posts\/51241"}],"collection":[{"href":"https:\/\/www.masrojo.com.ar\/home\/wp-json\/wp\/v2\/posts"}],"about":[{"href":"https:\/\/www.masrojo.com.ar\/home\/wp-json\/wp\/v2\/types\/post"}],"author":[{"embeddable":true,"href":"https:\/\/www.masrojo.com.ar\/home\/wp-json\/wp\/v2\/users\/6"}],"replies":[{"embeddable":true,"href":"https:\/\/www.masrojo.com.ar\/home\/wp-json\/wp\/v2\/comments?post=51241"}],"version-history":[{"count":1,"href":"https:\/\/www.masrojo.com.ar\/home\/wp-json\/wp\/v2\/posts\/51241\/revisions"}],"predecessor-version":[{"id":51248,"href":"https:\/\/www.masrojo.com.ar\/home\/wp-json\/wp\/v2\/posts\/51241\/revisions\/51248"}],"wp:attachment":[{"href":"https:\/\/www.masrojo.com.ar\/home\/wp-json\/wp\/v2\/media?parent=51241"}],"wp:term":[{"taxonomy":"category","embeddable":true,"href":"https:\/\/www.masrojo.com.ar\/home\/wp-json\/wp\/v2\/categories?post=51241"},{"taxonomy":"post_tag","embeddable":true,"href":"https:\/\/www.masrojo.com.ar\/home\/wp-json\/wp\/v2\/tags?post=51241"}],"curies":[{"name":"wp","href":"https:\/\/api.w.org\/{rel}","templated":true}]}}