{"id":51249,"date":"2021-06-22T11:10:45","date_gmt":"2021-06-22T14:10:45","guid":{"rendered":"https:\/\/www.masrojo.com.ar\/home\/?p=51249"},"modified":"2021-06-22T11:10:45","modified_gmt":"2021-06-22T14:10:45","slug":"quiero-devolver-la-confianza-que-me-estan-dando","status":"publish","type":"post","link":"https:\/\/www.masrojo.com.ar\/home\/2021\/06\/22\/quiero-devolver-la-confianza-que-me-estan-dando\/","title":{"rendered":"\u00abQuiero devolver la confianza que me est\u00e1n dando\u201d"},"content":{"rendered":"<p>Joaqu\u00edn Laso y lo que significa Independiente para su carrera El ex-Rosario Central se suma al equipo de Falcioni y cont\u00f3 sus sensaciones.<\/p>\n<p>\u201cEstoy contento, tengo muchas ganas y mucha expectativa. Quiero devolver la confianza que me est\u00e1n dando\u201d, cont\u00f3 el defensor de 30 a\u00f1os en ESPN, concluyendo: \u201cJulio (Falcioni) me dijo que ya me hab\u00eda querido antes en sus equipos, pero por suerte se dio ahora. \u00c9l me llam\u00f3 para demostrarme su inter\u00e9s y contarme su idea de juego\u201d.<\/p>\n<p>El defensor proviniente de Rosario Central, llega al club en condici\u00f3n de libre y firmar\u00e1 su v\u00ednculo por 18 meses. En ese marco y como estaba previsto, Laso se someti\u00f3 a los estudios previos y se espera que en la pr\u00f3ximas horas selle su llegada al Rojo y comience a entrenarse junto a sus nuevos compa\u00f1eros.<\/p>\n<p><iframe loading=\"lazy\" width=\"640\" height=\"360\" src=\"http:\/\/www.espn.com.ar\/core\/video\/iframe?id=8812607&#038;endcard=false\" allowfullscreen frameborder=\"0\"><\/iframe><\/p>\n","protected":false},"excerpt":{"rendered":"<div class=\"mh-excerpt\"><p>Joaqu\u00edn Laso y lo que significa Independiente para su carrera El ex-Rosario Central se suma al equipo de Falcioni y cont\u00f3 sus sensaciones. \u201cEstoy contento, tengo muchas ganas y mucha expectativa. Quiero devolver la confianza <a class=\"mh-excerpt-more\" href=\"https:\/\/www.masrojo.com.ar\/home\/2021\/06\/22\/quiero-devolver-la-confianza-que-me-estan-dando\/\" title=\"\u00abQuiero devolver la confianza que me est\u00e1n dando\u201d\">[&#8230;]<\/a><\/p>\n<\/div>","protected":false},"author":6,"featured_media":51250,"comment_status":"closed","ping_status":"closed","sticky":false,"template":"","format":"video","meta":{"_jetpack_memberships_contains_paid_content":false,"footnotes":"","jetpack_publicize_message":"","jetpack_publicize_feature_enabled":true,"jetpack_social_post_already_shared":true,"jetpack_social_options":{"image_generator_settings":{"template":"highway","enabled":false},"version":2}},"categories":[4],"tags":[],"class_list":{"0":"post-51249","1":"post","2":"type-post","3":"status-publish","4":"format-video","5":"has-post-thumbnail","7":"category-actualidad","8":"post_format-post-format-video"},"jetpack_publicize_connections":[],"jetpack_sharing_enabled":true,"jetpack_featured_media_url":"https:\/\/i0.wp.com\/www.masrojo.com.ar\/home\/wp-content\/uploads\/laso.jpg?fit=935%2C551&ssl=1","jetpack_shortlink":"https:\/\/wp.me\/p90W9F-dkB","_links":{"self":[{"href":"https:\/\/www.masrojo.com.ar\/home\/wp-json\/wp\/v2\/posts\/51249"}],"collection":[{"href":"https:\/\/www.masrojo.com.ar\/home\/wp-json\/wp\/v2\/posts"}],"about":[{"href":"https:\/\/www.masrojo.com.ar\/home\/wp-json\/wp\/v2\/types\/post"}],"author":[{"embeddable":true,"href":"https:\/\/www.masrojo.com.ar\/home\/wp-json\/wp\/v2\/users\/6"}],"replies":[{"embeddable":true,"href":"https:\/\/www.masrojo.com.ar\/home\/wp-json\/wp\/v2\/comments?post=51249"}],"version-history":[{"count":1,"href":"https:\/\/www.masrojo.com.ar\/home\/wp-json\/wp\/v2\/posts\/51249\/revisions"}],"predecessor-version":[{"id":51256,"href":"https:\/\/www.masrojo.com.ar\/home\/wp-json\/wp\/v2\/posts\/51249\/revisions\/51256"}],"wp:featuredmedia":[{"embeddable":true,"href":"https:\/\/www.masrojo.com.ar\/home\/wp-json\/wp\/v2\/media\/51250"}],"wp:attachment":[{"href":"https:\/\/www.masrojo.com.ar\/home\/wp-json\/wp\/v2\/media?parent=51249"}],"wp:term":[{"taxonomy":"category","embeddable":true,"href":"https:\/\/www.masrojo.com.ar\/home\/wp-json\/wp\/v2\/categories?post=51249"},{"taxonomy":"post_tag","embeddable":true,"href":"https:\/\/www.masrojo.com.ar\/home\/wp-json\/wp\/v2\/tags?post=51249"}],"curies":[{"name":"wp","href":"https:\/\/api.w.org\/{rel}","templated":true}]}}