{"id":51266,"date":"2021-06-24T11:48:08","date_gmt":"2021-06-24T14:48:08","guid":{"rendered":"https:\/\/www.masrojo.com.ar\/home\/?p=51266"},"modified":"2021-06-24T11:48:08","modified_gmt":"2021-06-24T14:48:08","slug":"se-va-adrian-arregui","status":"publish","type":"post","link":"https:\/\/www.masrojo.com.ar\/home\/2021\/06\/24\/se-va-adrian-arregui\/","title":{"rendered":"Se va Adri\u00e1n Arregui"},"content":{"rendered":"<p>A 4 meses de haber llegado, deja el club<\/p>\n<p>Con poca continuidad el volante central dejar\u00e1 el Rojo. La poca consideraci\u00f3n de Julio C\u00e9sar Falcioni y una sinovitis en su rodilla, hicieron que la dirigencia opte por rescindirle su contrato antes de tiempo.<\/p>\n<p>El jugador interrumpe el pr\u00e9stamo y vuelve a Independiente Medell\u00edn<\/p>\n","protected":false},"excerpt":{"rendered":"<div class=\"mh-excerpt\"><p>A 4 meses de haber llegado, deja el club Con poca continuidad el volante central dejar\u00e1 el Rojo. La poca consideraci\u00f3n de Julio C\u00e9sar Falcioni y una sinovitis en su rodilla, hicieron que la dirigencia <a class=\"mh-excerpt-more\" href=\"https:\/\/www.masrojo.com.ar\/home\/2021\/06\/24\/se-va-adrian-arregui\/\" title=\"Se va Adri\u00e1n Arregui\">[&#8230;]<\/a><\/p>\n<\/div>","protected":false},"author":6,"featured_media":0,"comment_status":"closed","ping_status":"closed","sticky":false,"template":"","format":"image","meta":{"_jetpack_memberships_contains_paid_content":false,"footnotes":"","jetpack_publicize_message":"","jetpack_publicize_feature_enabled":true,"jetpack_social_post_already_shared":true,"jetpack_social_options":{"image_generator_settings":{"template":"highway","enabled":false},"version":2}},"categories":[4],"tags":[],"class_list":{"0":"post-51266","1":"post","2":"type-post","3":"status-publish","4":"format-image","6":"category-actualidad","7":"post_format-post-format-image"},"jetpack_publicize_connections":[],"jetpack_sharing_enabled":true,"jetpack_featured_media_url":"","jetpack_shortlink":"https:\/\/wp.me\/p90W9F-dkS","_links":{"self":[{"href":"https:\/\/www.masrojo.com.ar\/home\/wp-json\/wp\/v2\/posts\/51266"}],"collection":[{"href":"https:\/\/www.masrojo.com.ar\/home\/wp-json\/wp\/v2\/posts"}],"about":[{"href":"https:\/\/www.masrojo.com.ar\/home\/wp-json\/wp\/v2\/types\/post"}],"author":[{"embeddable":true,"href":"https:\/\/www.masrojo.com.ar\/home\/wp-json\/wp\/v2\/users\/6"}],"replies":[{"embeddable":true,"href":"https:\/\/www.masrojo.com.ar\/home\/wp-json\/wp\/v2\/comments?post=51266"}],"version-history":[{"count":1,"href":"https:\/\/www.masrojo.com.ar\/home\/wp-json\/wp\/v2\/posts\/51266\/revisions"}],"predecessor-version":[{"id":51272,"href":"https:\/\/www.masrojo.com.ar\/home\/wp-json\/wp\/v2\/posts\/51266\/revisions\/51272"}],"wp:attachment":[{"href":"https:\/\/www.masrojo.com.ar\/home\/wp-json\/wp\/v2\/media?parent=51266"}],"wp:term":[{"taxonomy":"category","embeddable":true,"href":"https:\/\/www.masrojo.com.ar\/home\/wp-json\/wp\/v2\/categories?post=51266"},{"taxonomy":"post_tag","embeddable":true,"href":"https:\/\/www.masrojo.com.ar\/home\/wp-json\/wp\/v2\/tags?post=51266"}],"curies":[{"name":"wp","href":"https:\/\/api.w.org\/{rel}","templated":true}]}}