{"id":52916,"date":"2021-08-22T20:57:42","date_gmt":"2021-08-22T23:57:42","guid":{"rendered":"https:\/\/www.masrojo.com.ar\/home\/?p=52916"},"modified":"2021-08-22T20:57:42","modified_gmt":"2021-08-22T23:57:42","slug":"las-bajas-complican-a-falcioni","status":"publish","type":"post","link":"https:\/\/www.masrojo.com.ar\/home\/2021\/08\/22\/las-bajas-complican-a-falcioni\/","title":{"rendered":"Las bajas complican a Falcioni"},"content":{"rendered":"<p style=\"text-align: justify;\">Pacchini y Benav\u00eddez no viajar\u00edan para visitar a Atl\u00e9tico Tucum\u00e1n. Con Romero y Gonz\u00e1lez desgarrados m\u00e1s Blanco suspendido, Falcioni a\u00fan no resolvi\u00f3 c\u00f3mo armar el medio.<\/p>\n<p style=\"text-align: justify;\">El t\u00e9cnico de Independiente no dispone de opciones para armar la mitad de la cancha. Los contratiempos complican el armado del rompecabezas.La expulsi\u00f3n de Domingo Blanco, quien en el empate sin goles ante Defensa y Justicia se reparti\u00f3 el medio con Alan So\u00f1ora, le gener\u00f3 un inconveniente al entrenador. El Rojo, que lidera la tabla de posiciones de la Liga Profesional, deber\u00e1 visitar el martes a Atl\u00e9tico Tucum\u00e1n con varias bajas.<\/p>\n<p style=\"text-align: justify;\">Lucas Romero y Lucas Gonz\u00e1lez, con desgarros en isquiotibial de la pierna derecha, se perder\u00e1n el encuentro y es muy probable que tampoco puedan jugar el pr\u00f3ximo s\u00e1bado, cuando el Rojo reciba a Col\u00f3n.<\/p>\n<p style=\"text-align: justify;\">Juan Pacchini, el recambio natural para el puesto de volante central, fue contacto estrecho de un caso de coronavirus y est\u00e1 aislado. Y Carlos Benav\u00eddez se recuper\u00f3 de la rotura en el ligamento cruzado anterior de la rodilla derecha, pero todav\u00eda le falta ritmo f\u00edsico y futbol\u00edstico: el viernes reci\u00e9n pudo sumar 83 minutos en el partido de Reserva ante Defensa. El entrenador ya decidi\u00f3 que el uruguayo no formar\u00e1 parte de la delegaci\u00f3n que viajar\u00e1 a Uruguay hoy por la tarde.<\/p>\n<p style=\"text-align: justify;\">La opci\u00f3n que queda en el plantel es Mat\u00edas Sosa Ugolini, volante central de 19 a\u00f1os que lleg\u00f3 desde Boca Unidos, juega en la Reserva y a\u00fan no debut\u00f3 en Primera, pero fue al banco ante el Halc\u00f3n dada la situaci\u00f3n de emergencia. Se trata de un mediocampista diestro y con despliegue, pero por momentos divide la pelota y a\u00fan le falta roce.<\/p>\n<p style=\"text-align: justify;\"><strong>\u201cVamos a analizar la posibilidad de cambiar el esquema\u201d<\/strong>, coment\u00f3 Falcioni. Una alternativa es pasar del 4-2-3-1 a un 4-3-3, disponiendo el ingreso de Gonzalo As\u00eds para que ocupe el lateral derecho y subiendo a Fabricio Bustos al medio para que conforme la l\u00ednea de volantes con So\u00f1ora y Andr\u00e9s Roa.<\/p>\n<p style=\"text-align: justify;\">El t\u00e9cnico no dio indicios concretos en\u00a0la pr\u00e1ctica de este domingo, en la que hubo ejercicios de posesi\u00f3n en espacios reducidos, movimientos t\u00e1cticos y resoluciones ofensivas. El plantel se entrenar\u00e1 este lunes por la ma\u00f1ana en el centro de alto rendimiento de Villa Dom\u00ednico y el entrenador definir\u00e1 la formaci\u00f3n a \u00faltimo momento.<\/p>\n","protected":false},"excerpt":{"rendered":"<div class=\"mh-excerpt\"><p>Pacchini y Benav\u00eddez no viajar\u00edan para visitar a Atl\u00e9tico Tucum\u00e1n. Con Romero y Gonz\u00e1lez desgarrados m\u00e1s Blanco suspendido, Falcioni a\u00fan no resolvi\u00f3 c\u00f3mo armar el medio. El t\u00e9cnico de Independiente no dispone de opciones para <a class=\"mh-excerpt-more\" href=\"https:\/\/www.masrojo.com.ar\/home\/2021\/08\/22\/las-bajas-complican-a-falcioni\/\" title=\"Las bajas complican a Falcioni\">[&#8230;]<\/a><\/p>\n<\/div>","protected":false},"author":6,"featured_media":52314,"comment_status":"closed","ping_status":"closed","sticky":false,"template":"","format":"image","meta":{"_jetpack_memberships_contains_paid_content":false,"footnotes":"","jetpack_publicize_message":"","jetpack_publicize_feature_enabled":true,"jetpack_social_post_already_shared":true,"jetpack_social_options":{"image_generator_settings":{"template":"highway","enabled":false},"version":2}},"categories":[4],"tags":[],"class_list":{"0":"post-52916","1":"post","2":"type-post","3":"status-publish","4":"format-image","5":"has-post-thumbnail","7":"category-actualidad","8":"post_format-post-format-image"},"jetpack_publicize_connections":[],"jetpack_sharing_enabled":true,"jetpack_featured_media_url":"https:\/\/i0.wp.com\/www.masrojo.com.ar\/home\/wp-content\/uploads\/falcioni_862x485-1.jpg?fit=862%2C485&ssl=1","jetpack_shortlink":"https:\/\/wp.me\/p90W9F-dLu","_links":{"self":[{"href":"https:\/\/www.masrojo.com.ar\/home\/wp-json\/wp\/v2\/posts\/52916"}],"collection":[{"href":"https:\/\/www.masrojo.com.ar\/home\/wp-json\/wp\/v2\/posts"}],"about":[{"href":"https:\/\/www.masrojo.com.ar\/home\/wp-json\/wp\/v2\/types\/post"}],"author":[{"embeddable":true,"href":"https:\/\/www.masrojo.com.ar\/home\/wp-json\/wp\/v2\/users\/6"}],"replies":[{"embeddable":true,"href":"https:\/\/www.masrojo.com.ar\/home\/wp-json\/wp\/v2\/comments?post=52916"}],"version-history":[{"count":1,"href":"https:\/\/www.masrojo.com.ar\/home\/wp-json\/wp\/v2\/posts\/52916\/revisions"}],"predecessor-version":[{"id":52922,"href":"https:\/\/www.masrojo.com.ar\/home\/wp-json\/wp\/v2\/posts\/52916\/revisions\/52922"}],"wp:featuredmedia":[{"embeddable":true,"href":"https:\/\/www.masrojo.com.ar\/home\/wp-json\/wp\/v2\/media\/52314"}],"wp:attachment":[{"href":"https:\/\/www.masrojo.com.ar\/home\/wp-json\/wp\/v2\/media?parent=52916"}],"wp:term":[{"taxonomy":"category","embeddable":true,"href":"https:\/\/www.masrojo.com.ar\/home\/wp-json\/wp\/v2\/categories?post=52916"},{"taxonomy":"post_tag","embeddable":true,"href":"https:\/\/www.masrojo.com.ar\/home\/wp-json\/wp\/v2\/tags?post=52916"}],"curies":[{"name":"wp","href":"https:\/\/api.w.org\/{rel}","templated":true}]}}