{"id":52923,"date":"2021-08-22T17:06:58","date_gmt":"2021-08-22T20:06:58","guid":{"rendered":"https:\/\/www.masrojo.com.ar\/home\/?p=52923"},"modified":"2021-08-22T21:07:13","modified_gmt":"2021-08-23T00:07:13","slug":"gano-el-futsal-2","status":"publish","type":"post","link":"https:\/\/www.masrojo.com.ar\/home\/2021\/08\/22\/gano-el-futsal-2\/","title":{"rendered":"Gan\u00f3 el Futsal"},"content":{"rendered":"<p>Independiente gan\u00f3 3-2 ante Hebraica en el microestadio de Boca Juniors por la fecha 8 de la Primera Divisi\u00f3n de Futsal. Un triunfo muy importante para los dirigidos por Alan Rebek.<\/p>\n<p>El Rojo, que ven\u00eda de empatar ante El Talar, pudo llevarse el triunfo en un partido muy disputado frente a los de la colectividad y los conden\u00f3 a la zona de descenso. Por su parte el Rey de Copas comenz\u00f3 el partido ya clasificado a la pr\u00f3xima instancia del certamen.<\/p>\n<p>Los goles de Independiente los convirtieron Maximiliano Bogni, Mat\u00edas Romero y Mat\u00edas Avenda\u00f1o. El primer tiempo fue bastante cerrado e Independiente termin\u00f3 1-0 arriba. En el complemento, Hebraica lo empat\u00f3, el Rojo se puso 3-1 y solo hubo tiempo para un descuento.<\/p>\n<p>El arquero, Agust\u00edn Guidobuono, de gran actuaci\u00f3n dijo tras el encuentro: \u201cIndependiente es un club muy grande que exige ganar, quer\u00edamos clasificar para jugar contra los mejores y por suerte lo pudimos hacer dos fechas antes\u201d.<\/p>\n<p>Con este triunfo el Orgullo Nacional queda como escolta de la zona A, detr\u00e1s de Barracas Central que venci\u00f3 1-0 a Newell\u2019s y por encima de Boca, que cay\u00f3 4-2 contra El Talar.<\/p>\n","protected":false},"excerpt":{"rendered":"<div class=\"mh-excerpt\"><p>Independiente gan\u00f3 3-2 ante Hebraica en el microestadio de Boca Juniors por la fecha 8 de la Primera Divisi\u00f3n de Futsal. Un triunfo muy importante para los dirigidos por Alan Rebek. El Rojo, que ven\u00eda <a class=\"mh-excerpt-more\" href=\"https:\/\/www.masrojo.com.ar\/home\/2021\/08\/22\/gano-el-futsal-2\/\" title=\"Gan\u00f3 el Futsal\">[&#8230;]<\/a><\/p>\n<\/div>","protected":false},"author":6,"featured_media":52924,"comment_status":"closed","ping_status":"closed","sticky":false,"template":"","format":"image","meta":{"_jetpack_memberships_contains_paid_content":false,"footnotes":"","jetpack_publicize_message":"","jetpack_publicize_feature_enabled":true,"jetpack_social_post_already_shared":true,"jetpack_social_options":{"image_generator_settings":{"template":"highway","enabled":false},"version":2}},"categories":[592],"tags":[],"class_list":{"0":"post-52923","1":"post","2":"type-post","3":"status-publish","4":"format-image","5":"has-post-thumbnail","7":"category-futsal","8":"post_format-post-format-image"},"jetpack_publicize_connections":[],"jetpack_sharing_enabled":true,"jetpack_featured_media_url":"https:\/\/i0.wp.com\/www.masrojo.com.ar\/home\/wp-content\/uploads\/independiente-hebraica-futsal-scaled-e1629640458690-696x509-1.jpeg?fit=696%2C509&ssl=1","jetpack_shortlink":"https:\/\/wp.me\/p90W9F-dLB","_links":{"self":[{"href":"https:\/\/www.masrojo.com.ar\/home\/wp-json\/wp\/v2\/posts\/52923"}],"collection":[{"href":"https:\/\/www.masrojo.com.ar\/home\/wp-json\/wp\/v2\/posts"}],"about":[{"href":"https:\/\/www.masrojo.com.ar\/home\/wp-json\/wp\/v2\/types\/post"}],"author":[{"embeddable":true,"href":"https:\/\/www.masrojo.com.ar\/home\/wp-json\/wp\/v2\/users\/6"}],"replies":[{"embeddable":true,"href":"https:\/\/www.masrojo.com.ar\/home\/wp-json\/wp\/v2\/comments?post=52923"}],"version-history":[{"count":1,"href":"https:\/\/www.masrojo.com.ar\/home\/wp-json\/wp\/v2\/posts\/52923\/revisions"}],"predecessor-version":[{"id":52930,"href":"https:\/\/www.masrojo.com.ar\/home\/wp-json\/wp\/v2\/posts\/52923\/revisions\/52930"}],"wp:featuredmedia":[{"embeddable":true,"href":"https:\/\/www.masrojo.com.ar\/home\/wp-json\/wp\/v2\/media\/52924"}],"wp:attachment":[{"href":"https:\/\/www.masrojo.com.ar\/home\/wp-json\/wp\/v2\/media?parent=52923"}],"wp:term":[{"taxonomy":"category","embeddable":true,"href":"https:\/\/www.masrojo.com.ar\/home\/wp-json\/wp\/v2\/categories?post=52923"},{"taxonomy":"post_tag","embeddable":true,"href":"https:\/\/www.masrojo.com.ar\/home\/wp-json\/wp\/v2\/tags?post=52923"}],"curies":[{"name":"wp","href":"https:\/\/api.w.org\/{rel}","templated":true}]}}