{"id":52956,"date":"2021-08-24T07:27:40","date_gmt":"2021-08-24T10:27:40","guid":{"rendered":"https:\/\/www.masrojo.com.ar\/home\/?p=52956"},"modified":"2021-08-24T07:27:40","modified_gmt":"2021-08-24T10:27:40","slug":"el-rival-tambien-juega-asi-llega-el-decano","status":"publish","type":"post","link":"https:\/\/www.masrojo.com.ar\/home\/2021\/08\/24\/el-rival-tambien-juega-asi-llega-el-decano\/","title":{"rendered":"EL RIVAL TAMBI\u00c9N JUEGA: As\u00ed llega el Decano"},"content":{"rendered":"<p>Los dirigidos por Omar de Felippe, no est\u00e1n atravesando una gran actualidad. En lo que va de la Liga Profesional, sumaron ocho puntos: ganaron dos partidos, empataron dos y perdieron tres. Con n\u00fameros muy irregulares, los tucumanos van por la recuperaci\u00f3n ante Independiente. Ser\u00eda positivo tambi\u00e9n para acercarse a los puestos de clasificaci\u00f3n a copas internacionales.<\/p>\n<div>El plantel dirigido por Omar De Felippe (ex Independiente) practico est\u00e9 lunes por la ma\u00f1ana, se realizaron los hisopados correspondientes (todos negativos) y adem\u00e1s se conocieron los convocados para enfrentar al equipo de Avellaneda.<\/div>\n<div><\/div>\n<div>En la lista de concentrados del equipo tucumano se destaca el retorno de Jonathan Cabral, quien se recuper\u00f3 de un desgarro y estar\u00e1 a disposici\u00f3n del cuerpo t\u00e9cnico.<\/div>\n<div><\/div>\n<div>\n<div class=\"separator\"><a href=\"https:\/\/i0.wp.com\/1.bp.blogspot.com\/-i8jPtEaQbBA\/YSRLAOzfSkI\/AAAAAAAA8Ig\/Hop4E0y13b8A4ilqXGSLaD_f29fkZlqTQCLcBGAsYHQ\/s862\/convocados-de-atletico-tucuman-para-recibir-a-independiente_w862.png?ssl=1\"><img data-recalc-dims=\"1\" loading=\"lazy\" decoding=\"async\" src=\"https:\/\/i0.wp.com\/1.bp.blogspot.com\/-i8jPtEaQbBA\/YSRLAOzfSkI\/AAAAAAAA8Ig\/Hop4E0y13b8A4ilqXGSLaD_f29fkZlqTQCLcBGAsYHQ\/w366-h366\/convocados-de-atletico-tucuman-para-recibir-a-independiente_w862.png?resize=366%2C366&#038;ssl=1\" width=\"366\" height=\"366\" border=\"0\" data-original-height=\"862\" data-original-width=\"862\" \/><\/a><\/div>\n<div class=\"separator\"><\/div>\n<div class=\"separator\">\n<div class=\"separator\">Los convocados de Atl\u00e9tico Tucum\u00e1n ante Independiente: Cristian Lucchetti, Tom\u00e1s Marchiori, Felipe Campos, Mat\u00edas Orihuela, Gabriel Risso Patr\u00f3n, Santiago Vergini, Mauro Osores, Agust\u00edn Lagos, Cabral, Camilo Albornoz, Marcelo Ortiz, Ciro Rius, Renzo Tesuri, Cristian Erbes, Franco Mussis, Guillermo Acosta, Leonardo Heredia, Oscar Ben\u00edtez, Joaqu\u00edn Pereyra, Lucas Naranjo, Augusto Lotti, Ramiro Ru\u00edz Rodr\u00edguez y Cristian Men\u00e9ndez.<\/div>\n<div class=\"separator\"><\/div>\n<div class=\"separator\">Los futbolistas anteriormente mencionados se quedar\u00e1n concentrados hoy lunes en un hotel de la capital tucumana.<\/div>\n<div class=\"separator\"><\/div>\n<div class=\"separator\">Atl\u00e9tico Tucum\u00e1n buscar\u00e1 cortar una racha de cuatro partidos sin triunfos. Viene de dos empates y dos derrotas. Tras la derrota 3 a 0 ante Sarmiento de Jun\u00edn, se espera que De Felippe realice algunas variantes, entre ellas la vuelta de Cristian Men\u00e9ndez al equipo titular.<\/div>\n<\/div>\n<\/div>\n<div class=\"separator\"><\/div>\n<div>\n<p><strong>Atl\u00e9tico Tucum\u00e1n:\u00a0<\/strong>Cristian Lucchetti; Marcelo Ortiz, Santiago Vergini, Yonathan Cabral, Gabriel Risso; Guillermo Acosta, Cristi\u00e1n Erbes, Franco Mussis, Ciro Rius; Leonardo Heredia y Augusto Lotti.<\/p>\n<\/div>\n","protected":false},"excerpt":{"rendered":"<div class=\"mh-excerpt\"><p>Los dirigidos por Omar de Felippe, no est\u00e1n atravesando una gran actualidad. En lo que va de la Liga Profesional, sumaron ocho puntos: ganaron dos partidos, empataron dos y perdieron tres. Con n\u00fameros muy irregulares, <a class=\"mh-excerpt-more\" href=\"https:\/\/www.masrojo.com.ar\/home\/2021\/08\/24\/el-rival-tambien-juega-asi-llega-el-decano\/\" title=\"EL RIVAL TAMBI\u00c9N JUEGA: As\u00ed llega el Decano\">[&#8230;]<\/a><\/p>\n<\/div>","protected":false},"author":6,"featured_media":52957,"comment_status":"closed","ping_status":"closed","sticky":false,"template":"","format":"image","meta":{"_jetpack_memberships_contains_paid_content":false,"footnotes":"","jetpack_publicize_message":"","jetpack_publicize_feature_enabled":true,"jetpack_social_post_already_shared":true,"jetpack_social_options":{"image_generator_settings":{"template":"highway","enabled":false},"version":2}},"categories":[11],"tags":[],"class_list":{"0":"post-52956","1":"post","2":"type-post","3":"status-publish","4":"format-image","5":"has-post-thumbnail","7":"category-elrivaltambienjuega","8":"post_format-post-format-image"},"jetpack_publicize_connections":[],"jetpack_sharing_enabled":true,"jetpack_featured_media_url":"https:\/\/i0.wp.com\/www.masrojo.com.ar\/home\/wp-content\/uploads\/Sarmiento.jpg?fit=800%2C497&ssl=1","jetpack_shortlink":"https:\/\/wp.me\/p90W9F-dM8","_links":{"self":[{"href":"https:\/\/www.masrojo.com.ar\/home\/wp-json\/wp\/v2\/posts\/52956"}],"collection":[{"href":"https:\/\/www.masrojo.com.ar\/home\/wp-json\/wp\/v2\/posts"}],"about":[{"href":"https:\/\/www.masrojo.com.ar\/home\/wp-json\/wp\/v2\/types\/post"}],"author":[{"embeddable":true,"href":"https:\/\/www.masrojo.com.ar\/home\/wp-json\/wp\/v2\/users\/6"}],"replies":[{"embeddable":true,"href":"https:\/\/www.masrojo.com.ar\/home\/wp-json\/wp\/v2\/comments?post=52956"}],"version-history":[{"count":1,"href":"https:\/\/www.masrojo.com.ar\/home\/wp-json\/wp\/v2\/posts\/52956\/revisions"}],"predecessor-version":[{"id":52963,"href":"https:\/\/www.masrojo.com.ar\/home\/wp-json\/wp\/v2\/posts\/52956\/revisions\/52963"}],"wp:featuredmedia":[{"embeddable":true,"href":"https:\/\/www.masrojo.com.ar\/home\/wp-json\/wp\/v2\/media\/52957"}],"wp:attachment":[{"href":"https:\/\/www.masrojo.com.ar\/home\/wp-json\/wp\/v2\/media?parent=52956"}],"wp:term":[{"taxonomy":"category","embeddable":true,"href":"https:\/\/www.masrojo.com.ar\/home\/wp-json\/wp\/v2\/categories?post=52956"},{"taxonomy":"post_tag","embeddable":true,"href":"https:\/\/www.masrojo.com.ar\/home\/wp-json\/wp\/v2\/tags?post=52956"}],"curies":[{"name":"wp","href":"https:\/\/api.w.org\/{rel}","templated":true}]}}