{"id":53984,"date":"2021-10-02T08:38:16","date_gmt":"2021-10-02T11:38:16","guid":{"rendered":"https:\/\/www.masrojo.com.ar\/home\/?p=53984"},"modified":"2021-10-05T10:20:51","modified_gmt":"2021-10-05T13:20:51","slug":"por-tercera-vez-grinbank-se-bajo-de-ser-candidato-a-presidente","status":"publish","type":"post","link":"https:\/\/www.masrojo.com.ar\/home\/2021\/10\/02\/por-tercera-vez-grinbank-se-bajo-de-ser-candidato-a-presidente\/","title":{"rendered":"POR TERCERA VEZ, GRINBANK SE BAJ\u00d3 DE SER CANDIDATO A PRESIDENTE"},"content":{"rendered":"<p style=\"text-align: justify;\">Daniel Grinbank, en una extensa entrevista con el diario La Naci\u00f3n, se refiri\u00f3 a su participaci\u00f3n en las pr\u00f3ximas elecciones y a diversos temas relacionados con la pol\u00edtica del club.<\/p>\n<p style=\"text-align: justify;\">\u201cYo pienso que lleg\u00f3 la instancia en la que todos los estratos de la gesti\u00f3n deben profesionalizarse. Se termin\u00f3 la etapa del dirigente voluntarista. Pero aun as\u00ed, creo que un presidente tiene que estar dedicado 24 x 7 al club, y mucho m\u00e1s en un club que necesita dar un giro de 180 grados\u201d,\u00a0arranc\u00f3 el empresario del rock confirmando que no ser\u00e1 candidato a ese puesto y sum\u00f3:\u00a0\u201cA m\u00ed me limita mi actividad empresarial y hasta geogr\u00e1fica, porque tendr\u00e9 que estar fuera de la Argentina gran parte del tiempo. Al socio quiero hablarle con honestidad\u201d.<\/p>\n<p style=\"text-align: justify;\">Grinbank sigui\u00f3 aclarando al respecto:\u00a0\u201cNo voy a hacer lo\u00a0que le critico a Moyano: postergar el club por su actividad personal; en su caso, sindical. La m\u00eda no es una participaci\u00f3n testimonial; estoy trabajando con conciencia y responsabilidad, dedic\u00e1ndole mucho tiempo a este proyecto, incluso lider\u00e1ndolo, pero quiero ser muy claro sobre cu\u00e1les van a ser mis l\u00edmites de participaci\u00f3n\u201d, y agreg\u00f3:\u00a0\u201cEl proceso que viene ser\u00e1 traum\u00e1tico y requerir\u00e1 del apoyo de toda la comunidad de Independiente. El club no va a salir adelante gracias a una \u00fanica persona\u201d.<\/p>\n<p style=\"text-align: justify;\">Sobre el modelo de Sociedad An\u00f3nima, se\u00f1al\u00f3:\u00a0\u201cNo soy af\u00edn a ese modelo. En t\u00e9rminos de empresa, est\u00e1n los gerentes pero hay un \u00f3rgano de direcci\u00f3n que define los grandes lineamientos y a qui\u00e9n pone de gerente en cada \u00e1rea. Ac\u00e1 el ente supremo va a ser la comisi\u00f3n directiva elegida por los socios,\u00a0y detall\u00f3:\u00a0\u201cYo vengo del mundo del espect\u00e1culo y en cuanto a conocimiento del f\u00fatbol no salgo de la charla de caf\u00e9, e Independiente es una instituci\u00f3n muy, muy grande, que tiene muchos deportes. Necesita una dedicaci\u00f3n a\u00a0full\u00a0de gente rentada. En el actual contexto se necesita de los mejores. Quiero gente del departamento comercial trabajando todo el d\u00eda en la calle buscando dinero para el club, y la del departamento de seguridad tratando el tema de las barras desde lo institucional y lo pol\u00edtico\u201d.<\/p>\n<p style=\"text-align: justify;\">Para finalizar, se refiri\u00f3 a la raz\u00f3n por la cual no acept\u00f3 participar de una coalici\u00f3n con la otra unidad integrada por ex integrantes del oficialismo, entre otros sectores:\u00a0\u201cNo llegamos a un acuerdo porque ser\u00eda ficticio. De m\u00ednima hay que compartir proyectos, diagn\u00f3sticos y valores; no procuramos ganar por ganar. Y en esa lista hay muchas personas que se repiten de la gesti\u00f3n de Moyano y de la de Julio Comparada. No podemos pensar que quienes fueron factores de construcci\u00f3n de esta situaci\u00f3n pueden ser parte de la soluci\u00f3n\u201d,\u00a0y cerr\u00f3:\u00a0\u201cEl caso de Gaudio es diferente. Bienvenida la gente que pueda traer\u00a0sponsors, pero para venir tiene que haber un producto al que quieran asociarse. En Independiente, durante la gesti\u00f3n Moyano, todos los\u00a0sponsors\u00a0que tuvimos en la camiseta fueron de empresas ligadas a los Moyano. Cuando aparece en una camiseta una marca, adem\u00e1s del \u00e9xito deportivo quiere\u00a0branding, y si lo que sucede cotidianamente est\u00e1 siempre cercano al esc\u00e1ndalo, la degradaci\u00f3n y la mentira, no se asocia. Era l\u00f3gico que Gaudio se llevara Qatar a Boca en lugar de traerlo a Independiente, porque nadie regala la plata\u201d.<\/p>\n","protected":false},"excerpt":{"rendered":"<div class=\"mh-excerpt\"><p>Daniel Grinbank, en una extensa entrevista con el diario La Naci\u00f3n, se refiri\u00f3 a su participaci\u00f3n en las pr\u00f3ximas elecciones y a diversos temas relacionados con la pol\u00edtica del club. \u201cYo pienso que lleg\u00f3 la <a class=\"mh-excerpt-more\" href=\"https:\/\/www.masrojo.com.ar\/home\/2021\/10\/02\/por-tercera-vez-grinbank-se-bajo-de-ser-candidato-a-presidente\/\" title=\"POR TERCERA VEZ, GRINBANK SE BAJ\u00d3 DE SER CANDIDATO A PRESIDENTE\">[&#8230;]<\/a><\/p>\n<\/div>","protected":false},"author":6,"featured_media":38426,"comment_status":"closed","ping_status":"closed","sticky":false,"template":"","format":"image","meta":{"_jetpack_memberships_contains_paid_content":false,"footnotes":"","jetpack_publicize_message":"","jetpack_publicize_feature_enabled":true,"jetpack_social_post_already_shared":true,"jetpack_social_options":{"image_generator_settings":{"template":"highway","enabled":false},"version":2}},"categories":[4,106],"tags":[],"class_list":{"0":"post-53984","1":"post","2":"type-post","3":"status-publish","4":"format-image","5":"has-post-thumbnail","7":"category-actualidad","8":"category-politica","9":"post_format-post-format-image"},"jetpack_publicize_connections":[],"jetpack_sharing_enabled":true,"jetpack_featured_media_url":"https:\/\/i0.wp.com\/www.masrojo.com.ar\/home\/wp-content\/uploads\/grinbank-tvp-730.jpg?fit=730%2C487&ssl=1","jetpack_shortlink":"https:\/\/wp.me\/p90W9F-e2I","_links":{"self":[{"href":"https:\/\/www.masrojo.com.ar\/home\/wp-json\/wp\/v2\/posts\/53984"}],"collection":[{"href":"https:\/\/www.masrojo.com.ar\/home\/wp-json\/wp\/v2\/posts"}],"about":[{"href":"https:\/\/www.masrojo.com.ar\/home\/wp-json\/wp\/v2\/types\/post"}],"author":[{"embeddable":true,"href":"https:\/\/www.masrojo.com.ar\/home\/wp-json\/wp\/v2\/users\/6"}],"replies":[{"embeddable":true,"href":"https:\/\/www.masrojo.com.ar\/home\/wp-json\/wp\/v2\/comments?post=53984"}],"version-history":[{"count":1,"href":"https:\/\/www.masrojo.com.ar\/home\/wp-json\/wp\/v2\/posts\/53984\/revisions"}],"predecessor-version":[{"id":53990,"href":"https:\/\/www.masrojo.com.ar\/home\/wp-json\/wp\/v2\/posts\/53984\/revisions\/53990"}],"wp:featuredmedia":[{"embeddable":true,"href":"https:\/\/www.masrojo.com.ar\/home\/wp-json\/wp\/v2\/media\/38426"}],"wp:attachment":[{"href":"https:\/\/www.masrojo.com.ar\/home\/wp-json\/wp\/v2\/media?parent=53984"}],"wp:term":[{"taxonomy":"category","embeddable":true,"href":"https:\/\/www.masrojo.com.ar\/home\/wp-json\/wp\/v2\/categories?post=53984"},{"taxonomy":"post_tag","embeddable":true,"href":"https:\/\/www.masrojo.com.ar\/home\/wp-json\/wp\/v2\/tags?post=53984"}],"curies":[{"name":"wp","href":"https:\/\/api.w.org\/{rel}","templated":true}]}}