{"id":55781,"date":"2021-12-09T11:02:02","date_gmt":"2021-12-09T14:02:02","guid":{"rendered":"https:\/\/www.masrojo.com.ar\/home\/?p=55781"},"modified":"2021-12-09T11:02:02","modified_gmt":"2021-12-09T14:02:02","slug":"bustos-recien-volvera-a-jugar-el-ano-que-viene-y-su-futuro-en-independiente-es-incierto","status":"publish","type":"post","link":"https:\/\/www.masrojo.com.ar\/home\/2021\/12\/09\/bustos-recien-volvera-a-jugar-el-ano-que-viene-y-su-futuro-en-independiente-es-incierto\/","title":{"rendered":"Bustos reci\u00e9n volver\u00e1 a jugar el a\u00f1o que viene y su futuro en Independiente es incierto"},"content":{"rendered":"<p class=\"description\" style=\"text-align: justify;\">El lateral no se recuper\u00f3 del traumatismo en la rodilla izquierda y se perder\u00e1 el partido contra Talleres. Su contrato vence en junio de 2022 y su idea ser\u00eda no renovarlo.<\/p>\n<div class=\"article-info\">\n<div class=\"article-info-left\">\n<div class=\"article-autor-info\">\n<div class=\"article-autor-name\">\n<p class=\"capital\" style=\"text-align: justify;\"><b>Fabricio Bustos\u00a0<\/b>qued\u00f3 descartado en\u00a0<b>Independiente\u00a0<\/b>para el partido ante\u00a0<b>Talleres<\/b>, que se jugar\u00e1 el domingo a las 21.30 en C\u00f3rdoba. El defensor no se recuper\u00f3 del traumatismo en la rodilla izquierda que ya lo hab\u00eda obligado a perderse el encuentro frente a<b>\u00a0San Lorenzo<\/b>.<\/p>\n<p style=\"text-align: justify;\">De esa manera, el lateral derecho reci\u00e9n volver\u00e1 a jugar el a\u00f1o que viene con el interrogante de su futuro. El v\u00ednculo que tiene firmado con el Rojo<b>\u00a0finaliza a mediados de 2022<\/b>, su idea ser\u00eda\u00a0<b>no renovarlo\u00a0<\/b>y habr\u00e1 que esperar para saber si encuentran una salida en el pr\u00f3ximo mercado de pases.<\/p>\n<p>La buena noticia para\u00a0<b>Julio C\u00e9sar Falcioni<\/b>\u00a0de cara al cierre del campeonato ser\u00e1 la vuelta de\u00a0<b>Sergio Barreto<\/b>, quien cumpli\u00f3 la sanci\u00f3n tras haber sido expulsado contra\u00a0<b>Banfield<\/b>. El que le dejar\u00eda su lugar es\u00a0<b>Ayrton Costa<\/b>, por lo que<b>\u00a0Joaqu\u00edn Laso\u00a0<\/b>se correr\u00eda a la izquierda de la zaga central.<\/p>\n<p>El entrenador no podr\u00e1 contar con\u00a0<b>Juan Manuel Insaurralde<\/b>, todav\u00eda suspendido de manera provisoria por haber agarrado del cuello al \u00e1rbitro<b>\u00a0Hern\u00e1n Mastr\u00e1ngelo\u00a0<\/b>en el duelo con el Taladro. El Chaco vio la tarjeta roja, tampoco estuvo presente ante San Lorenzo y espera conocer la pena.<\/p>\n<\/div>\n<\/div>\n<\/div>\n<\/div>\n","protected":false},"excerpt":{"rendered":"<div class=\"mh-excerpt\"><p>El lateral no se recuper\u00f3 del traumatismo en la rodilla izquierda y se perder\u00e1 el partido contra Talleres. Su contrato vence en junio de 2022 y su idea ser\u00eda no renovarlo. Fabricio Bustos\u00a0qued\u00f3 descartado en\u00a0Independiente\u00a0para <a class=\"mh-excerpt-more\" href=\"https:\/\/www.masrojo.com.ar\/home\/2021\/12\/09\/bustos-recien-volvera-a-jugar-el-ano-que-viene-y-su-futuro-en-independiente-es-incierto\/\" title=\"Bustos reci\u00e9n volver\u00e1 a jugar el a\u00f1o que viene y su futuro en Independiente es incierto\">[&#8230;]<\/a><\/p>\n<\/div>","protected":false},"author":6,"featured_media":46806,"comment_status":"closed","ping_status":"closed","sticky":false,"template":"","format":"image","meta":{"_jetpack_memberships_contains_paid_content":false,"footnotes":"","jetpack_publicize_message":"","jetpack_publicize_feature_enabled":true,"jetpack_social_post_already_shared":true,"jetpack_social_options":{"image_generator_settings":{"template":"highway","enabled":false},"version":2}},"categories":[4],"tags":[],"class_list":{"0":"post-55781","1":"post","2":"type-post","3":"status-publish","4":"format-image","5":"has-post-thumbnail","7":"category-actualidad","8":"post_format-post-format-image"},"jetpack_publicize_connections":[],"jetpack_sharing_enabled":true,"jetpack_featured_media_url":"https:\/\/i0.wp.com\/www.masrojo.com.ar\/home\/wp-content\/uploads\/bustos-1.jpg?fit=660%2C371&ssl=1","jetpack_shortlink":"https:\/\/wp.me\/p90W9F-evH","_links":{"self":[{"href":"https:\/\/www.masrojo.com.ar\/home\/wp-json\/wp\/v2\/posts\/55781"}],"collection":[{"href":"https:\/\/www.masrojo.com.ar\/home\/wp-json\/wp\/v2\/posts"}],"about":[{"href":"https:\/\/www.masrojo.com.ar\/home\/wp-json\/wp\/v2\/types\/post"}],"author":[{"embeddable":true,"href":"https:\/\/www.masrojo.com.ar\/home\/wp-json\/wp\/v2\/users\/6"}],"replies":[{"embeddable":true,"href":"https:\/\/www.masrojo.com.ar\/home\/wp-json\/wp\/v2\/comments?post=55781"}],"version-history":[{"count":1,"href":"https:\/\/www.masrojo.com.ar\/home\/wp-json\/wp\/v2\/posts\/55781\/revisions"}],"predecessor-version":[{"id":55787,"href":"https:\/\/www.masrojo.com.ar\/home\/wp-json\/wp\/v2\/posts\/55781\/revisions\/55787"}],"wp:featuredmedia":[{"embeddable":true,"href":"https:\/\/www.masrojo.com.ar\/home\/wp-json\/wp\/v2\/media\/46806"}],"wp:attachment":[{"href":"https:\/\/www.masrojo.com.ar\/home\/wp-json\/wp\/v2\/media?parent=55781"}],"wp:term":[{"taxonomy":"category","embeddable":true,"href":"https:\/\/www.masrojo.com.ar\/home\/wp-json\/wp\/v2\/categories?post=55781"},{"taxonomy":"post_tag","embeddable":true,"href":"https:\/\/www.masrojo.com.ar\/home\/wp-json\/wp\/v2\/tags?post=55781"}],"curies":[{"name":"wp","href":"https:\/\/api.w.org\/{rel}","templated":true}]}}