{"id":55795,"date":"2021-12-09T11:21:08","date_gmt":"2021-12-09T14:21:08","guid":{"rendered":"https:\/\/www.masrojo.com.ar\/home\/?p=55795"},"modified":"2021-12-09T11:28:23","modified_gmt":"2021-12-09T14:28:23","slug":"se-baja-marcelo-gonzalez","status":"publish","type":"post","link":"https:\/\/www.masrojo.com.ar\/home\/2021\/12\/09\/se-baja-marcelo-gonzalez\/","title":{"rendered":"\u00bfSE BAJA MARCELO GONZALEZ?"},"content":{"rendered":"<p style=\"text-align: justify;\">La vida politica en Independiente est\u00e1 que arde y todav\u00eda no est\u00e1n confirmadas las elecciones<\/p>\n<p style=\"text-align: justify;\">Desde el oficialismo las cosas no est\u00e1n del todo definidas y es fuerte el rumor de que Marcelo Gonz\u00e1lez se bajar\u00eda de la candidatura a vice presidente de Independiente de Hugo Moyano. Hoy jueves vence el plazo para realizar los cambios en las listas.<\/p>\n<p style=\"text-align: justify;\"><strong>El empresario Marcelo Gonzalez es muy cercano de Luis Barrionuevo, hombre de gastron\u00f3micos, enfrentado a Hugo Moyano que no habr\u00eda visto con buenos ojos que sea candidato con el l\u00edder camionero<\/strong>. Adem\u00e1s es productor y empresario de medios: es el que maneja la se\u00f1al CNN Radio AM 950, posee el teatro Tronador de Mar del Plata y due\u00f1o del espacio Clar\u00edn en la misma ciudad y sus obligaciones no lo dejar\u00eda estar 100% dedicado al club. <strong>Tampoco desde la cadena CNN Internacional quieren que su cara visible se introduzca en la pol\u00edtica.<\/strong><\/p>\n<p style=\"text-align: justify;\">Fuentes cercanas al empresario confirman a MasRojo que su candidatura no es segura por el oficialismo. Recordamos que la junta electoral <strong>lo vet\u00f3 por deber cuotas sociales<\/strong>, aunque al momento de representar las modificaciones pueden ser abonadas y presentarse sin problemas.<\/p>\n<p style=\"text-align: justify;\">En las pr\u00f3ximas horas se sabr\u00e1n los cambios en todas las listas<\/p>\n","protected":false},"excerpt":{"rendered":"<div class=\"mh-excerpt\"><p>La vida politica en Independiente est\u00e1 que arde y todav\u00eda no est\u00e1n confirmadas las elecciones Desde el oficialismo las cosas no est\u00e1n del todo definidas y es fuerte el rumor de que Marcelo Gonz\u00e1lez se <a class=\"mh-excerpt-more\" href=\"https:\/\/www.masrojo.com.ar\/home\/2021\/12\/09\/se-baja-marcelo-gonzalez\/\" title=\"\u00bfSE BAJA MARCELO GONZALEZ?\">[&#8230;]<\/a><\/p>\n<\/div>","protected":false},"author":6,"featured_media":55796,"comment_status":"closed","ping_status":"closed","sticky":false,"template":"","format":"image","meta":{"_jetpack_memberships_contains_paid_content":false,"footnotes":"","jetpack_publicize_message":"","jetpack_publicize_feature_enabled":true,"jetpack_social_post_already_shared":true,"jetpack_social_options":{"image_generator_settings":{"template":"highway","enabled":false},"version":2}},"categories":[4],"tags":[],"class_list":{"0":"post-55795","1":"post","2":"type-post","3":"status-publish","4":"format-image","5":"has-post-thumbnail","7":"category-actualidad","8":"post_format-post-format-image"},"jetpack_publicize_connections":[],"jetpack_sharing_enabled":true,"jetpack_featured_media_url":"https:\/\/i0.wp.com\/www.masrojo.com.ar\/home\/wp-content\/uploads\/mg.jpg?fit=720%2C480&ssl=1","jetpack_shortlink":"https:\/\/wp.me\/p90W9F-evV","_links":{"self":[{"href":"https:\/\/www.masrojo.com.ar\/home\/wp-json\/wp\/v2\/posts\/55795"}],"collection":[{"href":"https:\/\/www.masrojo.com.ar\/home\/wp-json\/wp\/v2\/posts"}],"about":[{"href":"https:\/\/www.masrojo.com.ar\/home\/wp-json\/wp\/v2\/types\/post"}],"author":[{"embeddable":true,"href":"https:\/\/www.masrojo.com.ar\/home\/wp-json\/wp\/v2\/users\/6"}],"replies":[{"embeddable":true,"href":"https:\/\/www.masrojo.com.ar\/home\/wp-json\/wp\/v2\/comments?post=55795"}],"version-history":[{"count":3,"href":"https:\/\/www.masrojo.com.ar\/home\/wp-json\/wp\/v2\/posts\/55795\/revisions"}],"predecessor-version":[{"id":55804,"href":"https:\/\/www.masrojo.com.ar\/home\/wp-json\/wp\/v2\/posts\/55795\/revisions\/55804"}],"wp:featuredmedia":[{"embeddable":true,"href":"https:\/\/www.masrojo.com.ar\/home\/wp-json\/wp\/v2\/media\/55796"}],"wp:attachment":[{"href":"https:\/\/www.masrojo.com.ar\/home\/wp-json\/wp\/v2\/media?parent=55795"}],"wp:term":[{"taxonomy":"category","embeddable":true,"href":"https:\/\/www.masrojo.com.ar\/home\/wp-json\/wp\/v2\/categories?post=55795"},{"taxonomy":"post_tag","embeddable":true,"href":"https:\/\/www.masrojo.com.ar\/home\/wp-json\/wp\/v2\/tags?post=55795"}],"curies":[{"name":"wp","href":"https:\/\/api.w.org\/{rel}","templated":true}]}}