{"id":55805,"date":"2021-12-09T01:46:24","date_gmt":"2021-12-09T04:46:24","guid":{"rendered":"https:\/\/www.masrojo.com.ar\/home\/?p=55805"},"modified":"2021-12-09T11:46:46","modified_gmt":"2021-12-09T14:46:46","slug":"guardiola-con-este","status":"publish","type":"post","link":"https:\/\/www.masrojo.com.ar\/home\/2021\/12\/09\/guardiola-con-este\/","title":{"rendered":"GUARDIOLA CON \u00c9STE"},"content":{"rendered":"<p>Rudecindo: \u00abSue\u00f1o con reunirme con Guardiola y que pague para dirigir a Independiente\u00bb<\/p>\n<p>Uno de los candidatos a presidente del Rojo se anim\u00f3 a confesar un deseo que, asegur\u00f3, har\u00eda que Pep logre \u00abcambiar la historia\u00bb.<\/p>\n<p>El 19 de diciembre, todo indica que los socios de Independiente elegir\u00e1n presidente por los pr\u00f3ximos cuatro a\u00f1os. Uno de los candidatos de la oposici\u00f3n es Claudio Rudecindo, quien dialog\u00f3 con Radio La Red y se anim\u00f3 a so\u00f1ar con un posible entrenador para este momento del Rojo: nada menos que Pep Guardiola. Pero su osado planteo no qued\u00f3 ah\u00ed, sino que lo quiere hacer que \u00e9l pague por dirigir al club.<\/p>\n<p><img data-recalc-dims=\"1\" loading=\"lazy\" decoding=\"async\" class=\"aligncenter size-full wp-image-54474\" src=\"https:\/\/i0.wp.com\/www.masrojo.com.ar\/home\/wp-content\/uploads\/rude-2.jpg?resize=1123%2C608&#038;ssl=1\" alt=\"\" width=\"1123\" height=\"608\" srcset=\"https:\/\/i0.wp.com\/www.masrojo.com.ar\/home\/wp-content\/uploads\/rude-2.jpg?w=1123&amp;ssl=1 1123w, https:\/\/i0.wp.com\/www.masrojo.com.ar\/home\/wp-content\/uploads\/rude-2.jpg?resize=300%2C162&amp;ssl=1 300w, https:\/\/i0.wp.com\/www.masrojo.com.ar\/home\/wp-content\/uploads\/rude-2.jpg?resize=1024%2C554&amp;ssl=1 1024w, https:\/\/i0.wp.com\/www.masrojo.com.ar\/home\/wp-content\/uploads\/rude-2.jpg?resize=768%2C416&amp;ssl=1 768w\" sizes=\"(max-width: 1000px) 100vw, 1000px\" \/><\/p>\n<p>En primer lugar, Rudecindo expres\u00f3 que no tendr\u00eda entre sus planes continuar con Julio C\u00e9sar Falcioni como entrenador: \u00abYo le agradezco a Falcioni, pero ya le he dicho que no comparto lo que transmite el equipo que hoy dirige. No refleja el proyecto futbol\u00edstico que nosotros pensamos\u00bb, afirm\u00f3. Luego, confes\u00f3 que su equipo de trabajo ya habl\u00f3 con dos t\u00e9cnicos de jerarqu\u00eda internacional vinculados a la historia de Independiente.<\/p>\n<p>En un momento, los integrantes del programa radial lo invitaron a so\u00f1ar en grande con un candidato a calzarse el buzo de DT del Rojo, a lo que Rudecindo se prendi\u00f3 r\u00e1pido: \u00abSi so\u00f1amos, yo me siento mano a mano con Guardiola y le digo &#8216;Usted m\u00e1s plata no va a ganar, quiero que sea el primer t\u00e9cnico en la historia del f\u00fatbol que va a pagar un d\u00f3lar por dirigir a un equipo'\u00bb, se anim\u00f3 a decir. Y tuvo que explicarlo: \u00abQue \u00e9l nos pague por dirigir, eso ser\u00eda cambiar la historia del f\u00fatbol. Me va a decir que estoy loco y si me quiere decir que no, que me lo diga, pero ustedes me dieron la chance de so\u00f1ar en grande\u00bb, cerr\u00f3.<\/p>\n<p><iframe loading=\"lazy\" src=\"\/\/radiocut.fm\/audiocut\/embed\/mini\/rude-guardiola-1\/\" width=\"100%\" height=\"65px\" frameborder=\"no\" scrolling=\"no\"><\/iframe><\/p>\n","protected":false},"excerpt":{"rendered":"<div class=\"mh-excerpt\"><p>Rudecindo: \u00abSue\u00f1o con reunirme con Guardiola y que pague para dirigir a Independiente\u00bb Uno de los candidatos a presidente del Rojo se anim\u00f3 a confesar un deseo que, asegur\u00f3, har\u00eda que Pep logre \u00abcambiar la <a class=\"mh-excerpt-more\" href=\"https:\/\/www.masrojo.com.ar\/home\/2021\/12\/09\/guardiola-con-este\/\" title=\"GUARDIOLA CON \u00c9STE\">[&#8230;]<\/a><\/p>\n<\/div>","protected":false},"author":6,"featured_media":55806,"comment_status":"closed","ping_status":"closed","sticky":false,"template":"","format":"audio","meta":{"_jetpack_memberships_contains_paid_content":false,"footnotes":"","jetpack_publicize_message":"","jetpack_publicize_feature_enabled":true,"jetpack_social_post_already_shared":true,"jetpack_social_options":{"image_generator_settings":{"template":"highway","enabled":false},"version":2}},"categories":[4],"tags":[],"class_list":{"0":"post-55805","1":"post","2":"type-post","3":"status-publish","4":"format-audio","5":"has-post-thumbnail","7":"category-actualidad","8":"post_format-post-format-audio"},"jetpack_publicize_connections":[],"jetpack_sharing_enabled":true,"jetpack_featured_media_url":"https:\/\/i0.wp.com\/www.masrojo.com.ar\/home\/wp-content\/uploads\/GUARDIOLA.jpg?fit=720%2C405&ssl=1","jetpack_shortlink":"https:\/\/wp.me\/p90W9F-ew5","_links":{"self":[{"href":"https:\/\/www.masrojo.com.ar\/home\/wp-json\/wp\/v2\/posts\/55805"}],"collection":[{"href":"https:\/\/www.masrojo.com.ar\/home\/wp-json\/wp\/v2\/posts"}],"about":[{"href":"https:\/\/www.masrojo.com.ar\/home\/wp-json\/wp\/v2\/types\/post"}],"author":[{"embeddable":true,"href":"https:\/\/www.masrojo.com.ar\/home\/wp-json\/wp\/v2\/users\/6"}],"replies":[{"embeddable":true,"href":"https:\/\/www.masrojo.com.ar\/home\/wp-json\/wp\/v2\/comments?post=55805"}],"version-history":[{"count":1,"href":"https:\/\/www.masrojo.com.ar\/home\/wp-json\/wp\/v2\/posts\/55805\/revisions"}],"predecessor-version":[{"id":55812,"href":"https:\/\/www.masrojo.com.ar\/home\/wp-json\/wp\/v2\/posts\/55805\/revisions\/55812"}],"wp:featuredmedia":[{"embeddable":true,"href":"https:\/\/www.masrojo.com.ar\/home\/wp-json\/wp\/v2\/media\/55806"}],"wp:attachment":[{"href":"https:\/\/www.masrojo.com.ar\/home\/wp-json\/wp\/v2\/media?parent=55805"}],"wp:term":[{"taxonomy":"category","embeddable":true,"href":"https:\/\/www.masrojo.com.ar\/home\/wp-json\/wp\/v2\/categories?post=55805"},{"taxonomy":"post_tag","embeddable":true,"href":"https:\/\/www.masrojo.com.ar\/home\/wp-json\/wp\/v2\/tags?post=55805"}],"curies":[{"name":"wp","href":"https:\/\/api.w.org\/{rel}","templated":true}]}}