{"id":55813,"date":"2021-12-09T11:50:56","date_gmt":"2021-12-09T14:50:56","guid":{"rendered":"https:\/\/www.masrojo.com.ar\/home\/?p=55813"},"modified":"2021-12-09T11:50:56","modified_gmt":"2021-12-09T14:50:56","slug":"se-suspenden-las-elecciones","status":"publish","type":"post","link":"https:\/\/www.masrojo.com.ar\/home\/2021\/12\/09\/se-suspenden-las-elecciones\/","title":{"rendered":"\u00bfSE SUSPENDEN LAS ELECCIONES?"},"content":{"rendered":"<p style=\"text-align: justify;\">\u00a0En\u00a0Independiente\u00a0nadie est\u00e1 en condiciones de garantizar cu\u00e1ndo van a ser las elecciones ni qui\u00e9n va a gobernar el club cuando comience el 2022. Los comicios est\u00e1n previstos para el domingo 19, cuando finaliza el mandato de\u00a0Hugo Moyano<\/p>\n<p style=\"text-align: justify;\">Las elecciones ya se judicializaron y los abogados comenzaron a jugar su partido. La lista encabezada por Doman y secundada por N\u00e9stor Grindetti y Juan Marconi\u00a0<strong>pedieron una medida cautelar para evitar que se celebren las elecciones hasta que la Direcci\u00f3n Provincial de Personas Jur\u00eddicas se expida a trav\u00e9s de un fallo que determine si pueden presentarse.<\/strong><\/p>\n<p style=\"text-align: justify;\"><strong>La Junta Electoral, compuesta por todos militantes del oficialismo, decidi\u00f3 impugnar la candidatura del opositor Fabi\u00e1n Doman <\/strong>aduciendo irregularidades que impiden la habilitaci\u00f3n de la Agrupaci\u00f3n Independiente Tradicional, unos de los frentes que tejieron la alianza Unidad Independiente.<\/p>\n<div class=\"sp__SM\">\n<div class=\"content-new  \">\n<div class=\"mg\">\n<div class=\"wrap-figure\">\n<p style=\"text-align: justify;\">Contemplando que los tiempos de la Justicia suelen ser extensos, todo parece indicar que las elecciones se van a postergar. Adem\u00e1s, la oposici\u00f3n\u00a0<strong>exige la impugnaci\u00f3n de la Junta Electoral<\/strong>, compuesta por Fabi\u00e1n Ciol, Miguel \u00c1ngel Otero, Fernando Giannastassio y Alejandro Vilari\u00f1o, quien integraba la Lista Roja pero se ali\u00f3 con Moyano.<strong>\u200b<\/strong><\/p>\n<div id=\"aa510b8e-4b42-4f99-b253-ed1cd436020b\" class=\"pbs\" data-pbs-root=\"true\" data-pbs-position=\"static\" data-pbs-device=\"desktop\" data-pbs-size=\"medium-large\" data-pbs-logo-pos=\"right\" data-pbs-content=\"playing\" data-pbs-player=\"content\" data-pbs-content-type=\"rss\" data-pbs-display-ads=\"ended\" data-pbs-ads=\"ended\" data-pbs-hover=\"false\">\n<div id=\"exp_109942f1-02f5-4542-aa2f-f578a4e435d9\" class=\"pbs__player\">\n<div id=\"video1689587507f86be8da-06d6-473b-9feb-eb999ed8a200\" class=\"pb-stream\" data-cedato-used=\"used\">\n<div id=\"__cedato_root_container\" class=\"__cedato_root_container __cedato_desktop\">\n<div class=\" __cedato_content_container\" style=\"text-align: justify;\"><\/div>\n<\/div>\n<\/div>\n<div class=\"pbs__ui\"><\/div>\n<div class=\"exp-ui\">\n<div class=\"exp-ui__wrapper\"><\/div>\n<\/div>\n<\/div>\n<\/div>\n<\/div>\n<\/div>\n<\/div>\n<\/div>\n","protected":false},"excerpt":{"rendered":"<div class=\"mh-excerpt\"><p>\u00a0En\u00a0Independiente\u00a0nadie est\u00e1 en condiciones de garantizar cu\u00e1ndo van a ser las elecciones ni qui\u00e9n va a gobernar el club cuando comience el 2022. Los comicios est\u00e1n previstos para el domingo 19, cuando finaliza el mandato <a class=\"mh-excerpt-more\" href=\"https:\/\/www.masrojo.com.ar\/home\/2021\/12\/09\/se-suspenden-las-elecciones\/\" title=\"\u00bfSE SUSPENDEN LAS ELECCIONES?\">[&#8230;]<\/a><\/p>\n<\/div>","protected":false},"author":6,"featured_media":55814,"comment_status":"closed","ping_status":"closed","sticky":false,"template":"","format":"image","meta":{"_jetpack_memberships_contains_paid_content":false,"footnotes":"","jetpack_publicize_message":"","jetpack_publicize_feature_enabled":true,"jetpack_social_post_already_shared":true,"jetpack_social_options":{"image_generator_settings":{"template":"highway","enabled":false},"version":2}},"categories":[4],"tags":[],"class_list":{"0":"post-55813","1":"post","2":"type-post","3":"status-publish","4":"format-image","5":"has-post-thumbnail","7":"category-actualidad","8":"post_format-post-format-image"},"jetpack_publicize_connections":[],"jetpack_sharing_enabled":true,"jetpack_featured_media_url":"https:\/\/i0.wp.com\/www.masrojo.com.ar\/home\/wp-content\/uploads\/elecciones-de-independiente-591970.jpg?fit=700%2C450&ssl=1","jetpack_shortlink":"https:\/\/wp.me\/p90W9F-ewd","_links":{"self":[{"href":"https:\/\/www.masrojo.com.ar\/home\/wp-json\/wp\/v2\/posts\/55813"}],"collection":[{"href":"https:\/\/www.masrojo.com.ar\/home\/wp-json\/wp\/v2\/posts"}],"about":[{"href":"https:\/\/www.masrojo.com.ar\/home\/wp-json\/wp\/v2\/types\/post"}],"author":[{"embeddable":true,"href":"https:\/\/www.masrojo.com.ar\/home\/wp-json\/wp\/v2\/users\/6"}],"replies":[{"embeddable":true,"href":"https:\/\/www.masrojo.com.ar\/home\/wp-json\/wp\/v2\/comments?post=55813"}],"version-history":[{"count":1,"href":"https:\/\/www.masrojo.com.ar\/home\/wp-json\/wp\/v2\/posts\/55813\/revisions"}],"predecessor-version":[{"id":55820,"href":"https:\/\/www.masrojo.com.ar\/home\/wp-json\/wp\/v2\/posts\/55813\/revisions\/55820"}],"wp:featuredmedia":[{"embeddable":true,"href":"https:\/\/www.masrojo.com.ar\/home\/wp-json\/wp\/v2\/media\/55814"}],"wp:attachment":[{"href":"https:\/\/www.masrojo.com.ar\/home\/wp-json\/wp\/v2\/media?parent=55813"}],"wp:term":[{"taxonomy":"category","embeddable":true,"href":"https:\/\/www.masrojo.com.ar\/home\/wp-json\/wp\/v2\/categories?post=55813"},{"taxonomy":"post_tag","embeddable":true,"href":"https:\/\/www.masrojo.com.ar\/home\/wp-json\/wp\/v2\/tags?post=55813"}],"curies":[{"name":"wp","href":"https:\/\/api.w.org\/{rel}","templated":true}]}}