{"id":55828,"date":"2021-12-10T11:16:58","date_gmt":"2021-12-10T14:16:58","guid":{"rendered":"https:\/\/www.masrojo.com.ar\/home\/?p=55828"},"modified":"2021-12-10T11:16:58","modified_gmt":"2021-12-10T14:16:58","slug":"tiene-amparo","status":"publish","type":"post","link":"https:\/\/www.masrojo.com.ar\/home\/2021\/12\/10\/tiene-amparo\/","title":{"rendered":"TIENE AMPARO"},"content":{"rendered":"<p style=\"text-align: justify;\">Una buena para Fabi\u00e1n Doman en Independiente: la Justicia tom\u00f3 su amparo y dict\u00f3 una conciliaci\u00f3n<br \/>\nEl oficialismo y la principal fuerza de la oposici\u00f3n estar\u00e1n frente a frente el jueves 16 de diciembre, es decir tres d\u00edas antes de la fecha de las elecciones.<\/p>\n<p style=\"text-align: justify;\">Si todo va bien, se llevar\u00e1 a cabo una reuni\u00f3n entre el oficialismo y la oposici\u00f3n despu\u00e9s de que la Junta Electoral del club decidiera impugnar el sello de \u00abUnidad Independiente\u00bb, impidi\u00e9ndole participar de manera oficial.<\/p>\n<p style=\"text-align: justify;\">La estrategia de Doman, Juan Marconi y N\u00e9stor Grindetti es agotar \u00abtodas las instancias pol\u00edticas y judiciales\u00bb, en busca de ser reconocidos. Tambi\u00e9n acusaron que la Junta Electoral est\u00e1 presidida por H\u00e9ctor Yoyo Maldonado e integrada por miembros del oficialismo, lo que significa algo poco transparente en medio de la lucha por tomar las riendas de la instituci\u00f3n.<\/p>\n<p style=\"text-align: justify;\">El conflicto comenz\u00f3 hace unos d\u00edas, cuando a la lista de Doman se la consider\u00f3 fuera de regla y que no cumpli\u00f3 con ciertos aspectos burocr\u00e1ticos, raz\u00f3n por la cual no puede participar de las elecciones del 19 de diciembre. Desde el oficialismo, en tanto, siguen calificando este accionar como un \u00abasalto a la democracia\u00bb.<\/p>\n<p style=\"text-align: justify;\">Cabe recordar que si la situaci\u00f3n no se resuelve, las elecciones de Independiente pueden judicializarse y hasta podr\u00edan llegar a postergarse. \u00bfY entonces? la Comisi\u00f3n Directiva encabezada por Hugo Moyano seguir\u00eda al mando del club hasta la nueva fecha establecida. Esto significar\u00eda que el rearmado del plantel, la decisi\u00f3n sobre la renovaci\u00f3n o la b\u00fasqueda de un nuevo t\u00e9cnico y la pretemporada estar\u00edan a cargo de la dirigencia actual.<\/p>\n","protected":false},"excerpt":{"rendered":"<div class=\"mh-excerpt\"><p>Una buena para Fabi\u00e1n Doman en Independiente: la Justicia tom\u00f3 su amparo y dict\u00f3 una conciliaci\u00f3n El oficialismo y la principal fuerza de la oposici\u00f3n estar\u00e1n frente a frente el jueves 16 de diciembre, es <a class=\"mh-excerpt-more\" href=\"https:\/\/www.masrojo.com.ar\/home\/2021\/12\/10\/tiene-amparo\/\" title=\"TIENE AMPARO\">[&#8230;]<\/a><\/p>\n<\/div>","protected":false},"author":6,"featured_media":55086,"comment_status":"closed","ping_status":"closed","sticky":false,"template":"","format":"image","meta":{"_jetpack_memberships_contains_paid_content":false,"footnotes":"","jetpack_publicize_message":"","jetpack_publicize_feature_enabled":true,"jetpack_social_post_already_shared":true,"jetpack_social_options":{"image_generator_settings":{"template":"highway","enabled":false},"version":2}},"categories":[4],"tags":[],"class_list":{"0":"post-55828","1":"post","2":"type-post","3":"status-publish","4":"format-image","5":"has-post-thumbnail","7":"category-actualidad","8":"post_format-post-format-image"},"jetpack_publicize_connections":[],"jetpack_sharing_enabled":true,"jetpack_featured_media_url":"https:\/\/i0.wp.com\/www.masrojo.com.ar\/home\/wp-content\/uploads\/ddd.jpg?fit=1200%2C675&ssl=1","jetpack_shortlink":"https:\/\/wp.me\/p90W9F-ews","_links":{"self":[{"href":"https:\/\/www.masrojo.com.ar\/home\/wp-json\/wp\/v2\/posts\/55828"}],"collection":[{"href":"https:\/\/www.masrojo.com.ar\/home\/wp-json\/wp\/v2\/posts"}],"about":[{"href":"https:\/\/www.masrojo.com.ar\/home\/wp-json\/wp\/v2\/types\/post"}],"author":[{"embeddable":true,"href":"https:\/\/www.masrojo.com.ar\/home\/wp-json\/wp\/v2\/users\/6"}],"replies":[{"embeddable":true,"href":"https:\/\/www.masrojo.com.ar\/home\/wp-json\/wp\/v2\/comments?post=55828"}],"version-history":[{"count":1,"href":"https:\/\/www.masrojo.com.ar\/home\/wp-json\/wp\/v2\/posts\/55828\/revisions"}],"predecessor-version":[{"id":55834,"href":"https:\/\/www.masrojo.com.ar\/home\/wp-json\/wp\/v2\/posts\/55828\/revisions\/55834"}],"wp:featuredmedia":[{"embeddable":true,"href":"https:\/\/www.masrojo.com.ar\/home\/wp-json\/wp\/v2\/media\/55086"}],"wp:attachment":[{"href":"https:\/\/www.masrojo.com.ar\/home\/wp-json\/wp\/v2\/media?parent=55828"}],"wp:term":[{"taxonomy":"category","embeddable":true,"href":"https:\/\/www.masrojo.com.ar\/home\/wp-json\/wp\/v2\/categories?post=55828"},{"taxonomy":"post_tag","embeddable":true,"href":"https:\/\/www.masrojo.com.ar\/home\/wp-json\/wp\/v2\/tags?post=55828"}],"curies":[{"name":"wp","href":"https:\/\/api.w.org\/{rel}","templated":true}]}}