{"id":57390,"date":"2022-02-22T07:00:48","date_gmt":"2022-02-22T10:00:48","guid":{"rendered":"https:\/\/www.masrojo.com.ar\/home\/?p=57390"},"modified":"2022-02-22T07:00:48","modified_gmt":"2022-02-22T10:00:48","slug":"ojala-sea-lo-mejor-para-todas-las-partes","status":"publish","type":"post","link":"https:\/\/www.masrojo.com.ar\/home\/2022\/02\/22\/ojala-sea-lo-mejor-para-todas-las-partes\/","title":{"rendered":"\u00abOjal\u00e1 sea lo mejor para todas las partes\u00bb"},"content":{"rendered":"<p style=\"text-align: justify;\">En Avellaneda no se respira tranquilidad. Los fallidos comicios del a\u00f1o pasado, m\u00e1s los conflictos entre futbolistas y Comisi\u00f3n Directiva dejan mucho que desear en Independiente.<\/p>\n<p style=\"text-align: justify;\">El \u00faltimo de ellos fue Fabricio Bustos. El lateral derecho se fue de los Diablos Rojos por apenas u$1.350.000 -ser\u00e1n depositados de ac\u00e1 a un a\u00f1o-. Cifra mucho menor a la que se pretendi\u00f3 siempre desde la dirigencia de los Moyano. Lo que ocurre es que el futbolista de 25 a\u00f1os quedaba libre en junio y el Rojo corr\u00eda el riesgo de que se vaya libre. Sin embargo, el Inter de Porto Alegre puso la plata para llev\u00e1rselo ahora, por expreso pedido de Alexander &#8216;Cacique&#8217; Medina.<\/p>\n<div class=\"cuerpo\" data-twitter-link=\"\">\n<p style=\"text-align: justify;\">\n<p style=\"text-align: justify;\">\n<p style=\"text-align: justify;\">Ahora qui\u00e9n puede seguir sus pasos es Domingo Blanco. Puede irse en junio como jugador libre. El mediocampista de 26 a\u00f1os, se vio envuelto en una pol\u00e9mica por su contrato en Independiente, en el cual restan pocos meses de contrato.<\/p>\n<p style=\"text-align: justify;\">A trav\u00e9s del servicio de mensajer\u00eda Discord, Domingo Blanco levant\u00f3 la temperatura por una intercambio de palabras con un usuario.\u00a0<em>\u00abLo \u00fanico que renueva Mingo es la suscripci\u00f3n de Netflix\u00bb<\/em>, escribi\u00f3 un usuario en Discord, a lo que Blanco respondi\u00f3, entre risas:\u00a0<em>\u00abJaja, es por ah\u00ed\u00bb<\/em>, teniendo en cuenta que al futbolista le restan 4 meses de contrato.<\/p>\n<p style=\"text-align: justify;\"><strong>Sin embargo, Domingo Blanco tuvo que salir a responder a las cr\u00edticas y a aclarar su broma, en redes sociales.<\/strong><\/p>\n<p style=\"text-align: justify;\"><em>\u00abQuiero decirle a esos malintencionados que jam\u00e1s me reir\u00eda o hablar\u00eda mal del club que me dio la chance de jugar en Primera y que quiero tanto. Lo de mi futuro son interpretaciones de terceros: todav\u00eda no hay nada resuelto. Ojal\u00e1 sea lo mejor para todas las partes\u00bb<\/em>, poste\u00f3 el mediocampista desde su cuenta personal de Instagram.<\/p>\n<div id=\"394833-Libre-1762297550_wrap\" class=\"embed_cont type_imagen\" style=\"text-align: justify;\" contenteditable=\"false\">\n<div id=\"394833-Libre-1762297550_content\" class=\"embed_content\"><img data-recalc-dims=\"1\" loading=\"lazy\" decoding=\"async\" id=\"394833-Libre-1762297550_embed\" src=\"https:\/\/i0.wp.com\/media.urgente24.com\/p\/ca3c4f56a537872d62880609e231db89\/adjuntos\/319\/imagenes\/002\/640\/0002640864\/1200x0\/smart\/imagepng.png?resize=1200%2C0&#038;ssl=1\" alt=\"El chat de la pol\u00e9mica. Domingo Blanco brome\u00f3 sobre su futuro en Independiente.\" width=\"1200\" height=\"0\" longdesc=\"https:\/\/media.urgente24.com\/p\/ca3c4f56a537872d62880609e231db89\/adjuntos\/319\/imagenes\/002\/640\/0002640864\/1200x0\/smart\/imagepng.png\" \/><\/div>\n<div id=\"394833-Libre-1762297550_epigrafe\" class=\"embed_epigrafe\">\n<p>El chat de la pol\u00e9mica. Domingo Blanco brome\u00f3 sobre su futuro en Independiente.<\/p>\n<\/div>\n<\/div>\n<p style=\"text-align: justify;\">Sin embargo; &#8216;Mingo&#8217; Blanco, quien tiene pocas chances de continuar en Independiente despu\u00e9s de junio, reconoci\u00f3\u00a0<em>\u00abSi me hubiese ido a Independiente del Valle, iba a jugar. Ac\u00e1 en Independiente no estoy jugando. Me hubiesen dejado ir\u00bb<\/em>. Hasta el momento, el futbolista y la instituci\u00f3n no tienen un acuerdo y surgi\u00f3 que tuvo la posibilidad de irse a\u00a0<strong>Independiente del Valle<\/strong>, aunque le denegaron la salida, cont\u00f3 Doble Amarilla.<\/p>\n<p style=\"text-align: justify;\">En este sentido, los hinchas le exigieron a Blanco que\u00a0<em>\u00able deje algo\u00bb<\/em>\u00a0al club y que no se vaya en condici\u00f3n de libre.<\/p>\n<p style=\"text-align: justify;\"><span id=\"embedhyoculx9w2b_wrap\" class=\"embed_cont type_highlight inlinehighlight\"><span id=\"embedhyoculx9w2b_content\" class=\"embed_content inlinehighlight\">Los que me dicen de dejar algo al club&#8230; yo les pregunto, si un equipo quiere a un jugador y faltando un a\u00f1o para que termine el contrato, \u00bfpor qu\u00e9 no me vinieron a renovar faltando un a\u00f1o? Hay que esperar a que me queden cuatro meses para renovar&#8230; Despu\u00e9s me van a decir que no le dej\u00e9 plata al club&#8230; \u00bfO yo estoy equivocado?, cerr\u00f3, y haciendo referencia al conflicto con Hugo Moyano para negociar su contrato<\/span><\/span><\/p>\n<p style=\"text-align: justify;\">Lo cierto es que, Domingo Blanco, es otro de los futbolistas que debe negociar su contrato en el\u00a0<em>Rojo<\/em>, al igual que el colombiano\u00a0<strong>Andr\u00e9s Roa<\/strong>\u00a0y\u00a0<strong>Carlos Benav\u00eddez<\/strong>, cuyos v\u00ednculos est\u00e1n a punto de vencer y no hay extensiones en el horizonte.<\/p>\n<div id=\"394834-Libre-665512433_wrap\" class=\"embed_cont type_imagen\" contenteditable=\"false\">\n<div id=\"394834-Libre-665512433_content\" class=\"embed_content\"><img data-recalc-dims=\"1\" loading=\"lazy\" decoding=\"async\" id=\"394834-Libre-665512433_embed\" src=\"https:\/\/i0.wp.com\/media.urgente24.com\/p\/c80ad67c1a0d1fbfaeb1cfa403f4ce2f\/adjuntos\/319\/imagenes\/002\/640\/0002640865\/1200x0\/smart\/domingo-blancojpg.jpg?resize=1200%2C0&#038;ssl=1\" alt=\"Domingo Blanco se refiri\u00f3 a su situaci\u00f3n contractual en el Independiente de Hugo Moyano. \" width=\"1200\" height=\"0\" longdesc=\"https:\/\/media.urgente24.com\/p\/c80ad67c1a0d1fbfaeb1cfa403f4ce2f\/adjuntos\/319\/imagenes\/002\/640\/0002640865\/1200x0\/smart\/domingo-blancojpg.jpg\" \/><\/div>\n<div id=\"394834-Libre-665512433_epigrafe\" class=\"embed_epigrafe\">\n<p>Domingo Blanco se refiri\u00f3 a su situaci\u00f3n contractual en el Independiente de Hugo Moyano.<\/p>\n<\/div>\n<\/div>\n<\/div>\n","protected":false},"excerpt":{"rendered":"<div class=\"mh-excerpt\"><p>En Avellaneda no se respira tranquilidad. Los fallidos comicios del a\u00f1o pasado, m\u00e1s los conflictos entre futbolistas y Comisi\u00f3n Directiva dejan mucho que desear en Independiente. El \u00faltimo de ellos fue Fabricio Bustos. El lateral <a class=\"mh-excerpt-more\" href=\"https:\/\/www.masrojo.com.ar\/home\/2022\/02\/22\/ojala-sea-lo-mejor-para-todas-las-partes\/\" title=\"\u00abOjal\u00e1 sea lo mejor para todas las partes\u00bb\">[&#8230;]<\/a><\/p>\n<\/div>","protected":false},"author":6,"featured_media":29856,"comment_status":"closed","ping_status":"closed","sticky":false,"template":"","format":"image","meta":{"_jetpack_memberships_contains_paid_content":false,"footnotes":"","jetpack_publicize_message":"","jetpack_publicize_feature_enabled":true,"jetpack_social_post_already_shared":true,"jetpack_social_options":{"image_generator_settings":{"template":"highway","enabled":false},"version":2}},"categories":[4],"tags":[],"class_list":{"0":"post-57390","1":"post","2":"type-post","3":"status-publish","4":"format-image","5":"has-post-thumbnail","7":"category-actualidad","8":"post_format-post-format-image"},"jetpack_publicize_connections":[],"jetpack_sharing_enabled":true,"jetpack_featured_media_url":"https:\/\/i0.wp.com\/www.masrojo.com.ar\/home\/wp-content\/uploads\/blanco.jpg?fit=1033%2C688&ssl=1","jetpack_shortlink":"https:\/\/wp.me\/p90W9F-eVE","_links":{"self":[{"href":"https:\/\/www.masrojo.com.ar\/home\/wp-json\/wp\/v2\/posts\/57390"}],"collection":[{"href":"https:\/\/www.masrojo.com.ar\/home\/wp-json\/wp\/v2\/posts"}],"about":[{"href":"https:\/\/www.masrojo.com.ar\/home\/wp-json\/wp\/v2\/types\/post"}],"author":[{"embeddable":true,"href":"https:\/\/www.masrojo.com.ar\/home\/wp-json\/wp\/v2\/users\/6"}],"replies":[{"embeddable":true,"href":"https:\/\/www.masrojo.com.ar\/home\/wp-json\/wp\/v2\/comments?post=57390"}],"version-history":[{"count":1,"href":"https:\/\/www.masrojo.com.ar\/home\/wp-json\/wp\/v2\/posts\/57390\/revisions"}],"predecessor-version":[{"id":57391,"href":"https:\/\/www.masrojo.com.ar\/home\/wp-json\/wp\/v2\/posts\/57390\/revisions\/57391"}],"wp:featuredmedia":[{"embeddable":true,"href":"https:\/\/www.masrojo.com.ar\/home\/wp-json\/wp\/v2\/media\/29856"}],"wp:attachment":[{"href":"https:\/\/www.masrojo.com.ar\/home\/wp-json\/wp\/v2\/media?parent=57390"}],"wp:term":[{"taxonomy":"category","embeddable":true,"href":"https:\/\/www.masrojo.com.ar\/home\/wp-json\/wp\/v2\/categories?post=57390"},{"taxonomy":"post_tag","embeddable":true,"href":"https:\/\/www.masrojo.com.ar\/home\/wp-json\/wp\/v2\/tags?post=57390"}],"curies":[{"name":"wp","href":"https:\/\/api.w.org\/{rel}","templated":true}]}}