{"id":57393,"date":"2022-02-22T09:12:22","date_gmt":"2022-02-22T12:12:22","guid":{"rendered":"https:\/\/www.masrojo.com.ar\/home\/?p=57393"},"modified":"2022-02-22T09:12:22","modified_gmt":"2022-02-22T12:12:22","slug":"la-sugestiva-foto-de-barreto","status":"publish","type":"post","link":"https:\/\/www.masrojo.com.ar\/home\/2022\/02\/22\/la-sugestiva-foto-de-barreto\/","title":{"rendered":"La sugestiva foto de Barreto"},"content":{"rendered":"<p class=\"description\" style=\"text-align: justify;\">En el entretiempo del 0-0 en Liniers, el DT del Rojo sac\u00f3 al central y puso a Laso para \u00abaportar experiencia\u00bb. As\u00ed le habr\u00eda respondido el futbolista.<\/p>\n<div class=\"article-info\">\n<div class=\"article-info-left\">\n<div class=\"article-autor-info\">\n<div class=\"article-autor-name\">\n<p class=\"capital\" style=\"text-align: justify;\"><b>Independiente\u00a0<\/b>no pudo vencer a\u00a0<b>V\u00e9lez\u00a0<\/b>en el Amalfitani:\u00a0<b>fue 0-0<\/b>\u00a0por la tercera fecha de la\u00a0<b>Copa Liga Profesional 2022<\/b>. En el entretiempo del partido,\u00a0<b>Eduardo Dom\u00ednguez\u00a0<\/b>tom\u00f3 una decisi\u00f3n que se convirti\u00f3 en tema de discusi\u00f3n entre los hinchas del Rojo:\u00a0<b>puso a Joaqu\u00edn Laso en lugar de Sergio Barreto<\/b>, uno de los mejores jugadores del equipo y que no hab\u00eda presentado ning\u00fan problema f\u00edsico.\u00a0<b>El DT explic\u00f3 el motivo de la modificaci\u00f3n y, casualidad o respuesta directa, el central subi\u00f3 una sugestiva foto a sus redes sociales.<\/b><\/p>\n<div style=\"text-align: justify;\" align=\"center\">\n<div id=\"inline\" data-google-query-id=\"CNGFyNKjk_YCFY_34wcd_xoMfQ\">\n<div id=\"google_ads_iframe_\/125006397\/tyc\/nota\/inline_0__container__\"><iframe id=\"google_ads_iframe_\/125006397\/tyc\/nota\/inline_0\" tabindex=\"0\" title=\"3rd party ad content\" role=\"region\" name=\"google_ads_iframe_\/125006397\/tyc\/nota\/inline_0\" width=\"1\" height=\"1\" frameborder=\"0\" marginwidth=\"0\" marginheight=\"0\" scrolling=\"no\" aria-label=\"Advertisement\" data-google-container-id=\"5\" data-load-complete=\"true\"><\/iframe><\/div>\n<\/div>\n<\/div>\n<figure class=\"w-100\" style=\"text-align: justify;\"><img data-recalc-dims=\"1\" decoding=\"async\" title=\"barreto independiente\" src=\"https:\/\/i0.wp.com\/media.tycsports.com\/files\/2022\/02\/21\/393029\/barreto-independiente_w416.jpg?ssl=1\" srcset=\"https:\/\/media.tycsports.com\/files\/2022\/02\/21\/393029\/barreto-independiente_w416.jpg 480w, https:\/\/media.tycsports.com\/files\/2022\/02\/21\/393029\/barreto-independiente_w862.jpg 1080w\" alt=\"barreto independiente\" data-src=\"https:\/\/media.tycsports.com\/files\/2022\/02\/21\/393029\/barreto-independiente_w416.jpg\" data-srcset=\"https:\/\/media.tycsports.com\/files\/2022\/02\/21\/393029\/barreto-independiente_w416.jpg 480w, https:\/\/media.tycsports.com\/files\/2022\/02\/21\/393029\/barreto-independiente_w862.jpg 1080w\" \/><\/figure>\n<div class=\"watchto-wrap\">\n<div class=\"watchto\">\n<p style=\"text-align: justify;\"><b><i>\u00abCon la salida de Barreto, buscamos la experiencia de Laso\u00bb<\/i><\/b>\u00a0para poder combatir contra la experiencia de Lucas\u00a0<b>Pratto<\/b>, poder\u00a0<i><b>\u00abaplacarla\u00bb<\/b><\/i>. Esa fue la\u00a0<b>explicaci\u00f3n de Dom\u00ednguez\u00a0<\/b>ante una decisi\u00f3n que gener\u00f3 varios rumores de hinchas en las redes sociales y se incrementaron con\u00a0<b>la roja que vio Laso\u00a0<\/b>tras jugar 18 minutos, por eso se lo consultaron en la conferencia de prensa posterior al empate en Liniers.<\/p>\n<p style=\"text-align: justify;\">Horas m\u00e1s tarde,\u00a0<b>Barreto subi\u00f3 en su cuenta de Instagram una foto\u00a0<\/b>que mucha gente la tom\u00f3 como\u00a0<b>respuesta directa a su entrenador<\/b>: la captura de un\u00a0<b>duelo a\u00e9reo contra Pratto en el que el del Rojo sali\u00f3 claramente victorioso<\/b>. \u00bfCasualidad o no?<\/p>\n<p style=\"text-align: justify;\"><b>Sergio Barreto tiene 22 a\u00f1os y surgi\u00f3 de las Inferiores de Independiente.<\/b>\u00a0Ante la ausencia de futbolistas, tuvo que hacerse fuerte y poner el pecho como titular, lugar que se gan\u00f3 en base a\u00a0<b>grandes rendimientos\u00a0<\/b>en la zaga junto a Juan Manuel Insaurralde.<\/p>\n<\/div>\n<\/div>\n<\/div>\n<\/div>\n<\/div>\n<\/div>\n","protected":false},"excerpt":{"rendered":"<div class=\"mh-excerpt\"><p>En el entretiempo del 0-0 en Liniers, el DT del Rojo sac\u00f3 al central y puso a Laso para \u00abaportar experiencia\u00bb. As\u00ed le habr\u00eda respondido el futbolista. Independiente\u00a0no pudo vencer a\u00a0V\u00e9lez\u00a0en el Amalfitani:\u00a0fue 0-0\u00a0por la <a class=\"mh-excerpt-more\" href=\"https:\/\/www.masrojo.com.ar\/home\/2022\/02\/22\/la-sugestiva-foto-de-barreto\/\" title=\"La sugestiva foto de Barreto\">[&#8230;]<\/a><\/p>\n<\/div>","protected":false},"author":6,"featured_media":57394,"comment_status":"closed","ping_status":"closed","sticky":false,"template":"","format":"image","meta":{"_jetpack_memberships_contains_paid_content":false,"footnotes":"","jetpack_publicize_message":"","jetpack_publicize_feature_enabled":true,"jetpack_social_post_already_shared":true,"jetpack_social_options":{"image_generator_settings":{"template":"highway","enabled":false},"version":2}},"categories":[4],"tags":[],"class_list":{"0":"post-57393","1":"post","2":"type-post","3":"status-publish","4":"format-image","5":"has-post-thumbnail","7":"category-actualidad","8":"post_format-post-format-image"},"jetpack_publicize_connections":[],"jetpack_sharing_enabled":true,"jetpack_featured_media_url":"https:\/\/i0.wp.com\/www.masrojo.com.ar\/home\/wp-content\/uploads\/sergio-barreto-independiente-dominico.jpg?fit=1159%2C803&ssl=1","jetpack_shortlink":"https:\/\/wp.me\/p90W9F-eVH","_links":{"self":[{"href":"https:\/\/www.masrojo.com.ar\/home\/wp-json\/wp\/v2\/posts\/57393"}],"collection":[{"href":"https:\/\/www.masrojo.com.ar\/home\/wp-json\/wp\/v2\/posts"}],"about":[{"href":"https:\/\/www.masrojo.com.ar\/home\/wp-json\/wp\/v2\/types\/post"}],"author":[{"embeddable":true,"href":"https:\/\/www.masrojo.com.ar\/home\/wp-json\/wp\/v2\/users\/6"}],"replies":[{"embeddable":true,"href":"https:\/\/www.masrojo.com.ar\/home\/wp-json\/wp\/v2\/comments?post=57393"}],"version-history":[{"count":1,"href":"https:\/\/www.masrojo.com.ar\/home\/wp-json\/wp\/v2\/posts\/57393\/revisions"}],"predecessor-version":[{"id":57395,"href":"https:\/\/www.masrojo.com.ar\/home\/wp-json\/wp\/v2\/posts\/57393\/revisions\/57395"}],"wp:featuredmedia":[{"embeddable":true,"href":"https:\/\/www.masrojo.com.ar\/home\/wp-json\/wp\/v2\/media\/57394"}],"wp:attachment":[{"href":"https:\/\/www.masrojo.com.ar\/home\/wp-json\/wp\/v2\/media?parent=57393"}],"wp:term":[{"taxonomy":"category","embeddable":true,"href":"https:\/\/www.masrojo.com.ar\/home\/wp-json\/wp\/v2\/categories?post=57393"},{"taxonomy":"post_tag","embeddable":true,"href":"https:\/\/www.masrojo.com.ar\/home\/wp-json\/wp\/v2\/tags?post=57393"}],"curies":[{"name":"wp","href":"https:\/\/api.w.org\/{rel}","templated":true}]}}