{"id":57403,"date":"2022-02-22T20:58:09","date_gmt":"2022-02-22T23:58:09","guid":{"rendered":"https:\/\/www.masrojo.com.ar\/home\/?p=57403"},"modified":"2022-02-22T21:22:44","modified_gmt":"2022-02-23T00:22:44","slug":"el-oficialismo-no-puede-estar-mas","status":"publish","type":"post","link":"https:\/\/www.masrojo.com.ar\/home\/2022\/02\/22\/el-oficialismo-no-puede-estar-mas\/","title":{"rendered":"\u00abEL OFICIALISMO NO PUEDE ESTAR M\u00c1S\u00bb"},"content":{"rendered":"<p><em><strong>Claudio Rudecindo se tom\u00f3 un tiempito y pas\u00f3 por los microfonos de Mas Rojo Radio ayer por la noche. Donde habl\u00f3 sobre el oficialismo, la oposici\u00f3n, y su fe de ganar en estas elecci\u00f3nes que tienen tiempo indeterminado, pero cree que las puede ganar, con su lista ya presentada. Tambi\u00e9n les dej\u00f3 un palo a la dirigencia con plazo vencido.<\/strong><\/em><\/p>\n<p><iframe loading=\"lazy\" src=\"\/\/ar.radiocut.fm\/audiocut\/embed\/mini\/rudecindo-en-masrojoradio\/\" width=\"100%\" height=\"65px\" frameborder=\"no\" scrolling=\"no\"><\/iframe><\/p>\n<p><em>Acerca de la pregunta sobre lo que succede con las elecciones de Independiente.\u00a0<\/em><\/p>\n<p><strong>\u00abLo que paso en Independiente, excede al mundo Independiente. Tiene que dictaminar la justicia, si lo que dijo personas juridicas es valido o no es valido. Cuando se tome la resoluci\u00f3n a una parte o a otra parte va a perjudicar. Pero el m\u00e1s perjudicado es el club.\u00bb<\/strong><\/p>\n<p><em>Acerca de la perspectiva desde la presentaci\u00f3n de listas, hasta aca.\u00a0<\/em><\/p>\n<p><strong>\u00abNo puedo ser parte de la payasada de lo que hace Independiente hoy, no puedo ser parte de este ACV institucional. Esta intoxicado desde el cerebro hacia abajo, lo afecta en todas sus ramas, social, educativo, todo. Independiente tiene un estatuto que equivale a la constituci\u00f3n nacional de un pa\u00eds. Un pa\u00eds cuando no se cumple la constituci\u00f3n, es porque hay un golpe de estado. En Independiente no se cumple la constituci\u00f3n y llamenle como quieran pero es muy similar a un golpe de estado. En el cual nadie toma una decisi\u00f3n.\u00bb<\/strong><\/p>\n<p><em>Acerca de las posibilidades de no presentarse en las elecciones<\/em><\/p>\n<p><strong>\u00abQuiero que este todo bien presentado por eso el miercoles tengo una cena donde vamos a retomar la organizaci\u00f3n de las listas, y que los papeles esten bien presentados. Tenemos gran parte del arco pol\u00edtico, pero esto se tiene que definir fuera de Independiente. Desde el a\u00f1o 2019 que venimos hablando, y preparando todo, porque es una situaci\u00f3n muy finita\u00bb<\/strong><\/p>\n<p><em>Tambi\u00e9n habl\u00f3 acerca de las listas, y piensa en firmemente en positivo <\/em><\/p>\n<p><strong>\u00abVamos a ganar las elecciones, no hay ninguna duda. Porque el oficialismo ya no puede estar m\u00e1s, y el andar que tuvo, el lado opositor, tiene un 50% a favor y un 50% en contra de que le falle la justicia. Si le llega a fallar en contra, listo ganamos las elecciones facil, y si le llegan a fallar a favor, todo el mundo empez\u00f3 a percibir que quien esta en el poder hoy, est\u00e1 en una posici\u00f3n equivocada.\u00bb<\/strong><\/p>\n<p><em>Existe la posibilidad de juntarse con trabajadores de otros partidos<\/em><strong><br \/>\n<\/strong><\/p>\n<p>&#8211; \u00ab<strong>Nosotros no vamos en elecciones contra nadie, queremos estar a favor de Independiente. S\u00ed, tenemos v\u00ednculos con la gente de Doman, pero somos muy poquitos, y del otro lado tenemos d\u00edalogo, pero no se puede modificar lo que se present\u00f3. Si el acto judicial, da por nulo las listas, se pueden volver a presentar todas las agrupaciones. Y si no lo hacen tiene que quedar todo como esta. Lo \u00fanico que podemos presentar como nuevo es cuando asuman los vocales suplentes, lo que ya esta escrito ya qued\u00f3 escrito.\u00bb\u00a0<\/strong><\/p>\n<p><em>El conductor del programa, le pregunta, si le hubiese pasado a su lista, lo que le pas\u00f3 a Fab\u00edan Doman con Unidad Independiente\u00a0<\/em><\/p>\n<p><strong>\u00abPor m\u00ed no se suspende la elecci\u00f3n. Yo no soy publico, no soy famoso, solo represento a Gente de Independiente. Y hago las cosas bien, me hubiera parado antes la realidad de hacer un error. Yo comet\u00ed un error t\u00e9cnico en la documentaci\u00f3n y me prohibi\u00f3 competir con la peor dirigencia de la historia de Independiente. <\/strong><br \/>\n<strong>Nosotros ten\u00edamos todo listo y hasta pactado 62 micros, 100 remises todo pago, para ese domingo a la ma\u00f1ana, nos suspendieron las elecciones.\u00bb<\/strong><\/p>\n<p><em>Claudio Rudecindo explica, sobre lo que le parece el oficialismo\u00a0<\/em><\/p>\n<p><strong>\u00abDel oficialismo no me extra\u00f1a nada, un error de tipeo donde se vende un jugador no puede estar. Puede succeder el error de tipeo. Pero si hay una nota a los estados contables, donde dice 100% no se puede falsificar eso. En mi actividad no me puede succeder nunca, porque si lo hago voy preso.\u00bb <\/strong><\/p>\n<p>Acerca de si le har\u00edan una denuncia penal al oficialismo<\/p>\n<p><strong>\u00abEsta testificado no es un error de tipeo, evaluamos hacer una denuncia penal a todo lo que hicieron mal. No es un error de tipeo, porque esta testificado el 100% en estados contables.\u00bb<\/strong><\/p>\n<p>Acerca de si sigue o no como candidato en Independiente<\/p>\n<p><strong>Sigo firme porque producto del hartazgo pol\u00edtico que pense en que se arreglen solos en su momento, pero me dieron fuerzas para seguir, y voy a encabezar la lista.\u00a0<\/strong><\/p>\n<p><em>Acerca de Daniel \u00abEl Rolfi\u00bb\u00a0 Montenegro\u00a0<\/em><\/p>\n<p><strong>\u00abNo tuve contacto con el Rolfi a\u00fan. No puedo hablar de lo que no se.\u00bb<\/strong><\/p>\n<p>&nbsp;<\/p>\n<p><img data-recalc-dims=\"1\" loading=\"lazy\" decoding=\"async\" class=\"size-medium wp-image-57407 aligncenter\" src=\"https:\/\/i0.wp.com\/www.masrojo.com.ar\/home\/wp-content\/uploads\/NspRcqfTk_340x340__1.jpg?resize=300%2C300&#038;ssl=1\" alt=\"\" width=\"300\" height=\"300\" srcset=\"https:\/\/i0.wp.com\/www.masrojo.com.ar\/home\/wp-content\/uploads\/NspRcqfTk_340x340__1.jpg?resize=300%2C300&amp;ssl=1 300w, https:\/\/i0.wp.com\/www.masrojo.com.ar\/home\/wp-content\/uploads\/NspRcqfTk_340x340__1.jpg?resize=150%2C150&amp;ssl=1 150w, https:\/\/i0.wp.com\/www.masrojo.com.ar\/home\/wp-content\/uploads\/NspRcqfTk_340x340__1.jpg?w=340&amp;ssl=1 340w\" sizes=\"(max-width: 300px) 100vw, 300px\" \/><\/p>\n<p><strong>\u00a0<\/strong><\/p>\n<p>&nbsp;<\/p>\n","protected":false},"excerpt":{"rendered":"<div class=\"mh-excerpt\"><p>Claudio Rudecindo se tom\u00f3 un tiempito y pas\u00f3 por los microfonos de Mas Rojo Radio ayer por la noche. Donde habl\u00f3 sobre el oficialismo, la oposici\u00f3n, y su fe de ganar en estas elecci\u00f3nes que <a class=\"mh-excerpt-more\" href=\"https:\/\/www.masrojo.com.ar\/home\/2022\/02\/22\/el-oficialismo-no-puede-estar-mas\/\" title=\"\u00abEL OFICIALISMO NO PUEDE ESTAR M\u00c1S\u00bb\">[&#8230;]<\/a><\/p>\n<\/div>","protected":false},"author":13,"featured_media":54474,"comment_status":"closed","ping_status":"closed","sticky":false,"template":"","format":"standard","meta":{"_jetpack_memberships_contains_paid_content":false,"footnotes":"","jetpack_publicize_message":"","jetpack_publicize_feature_enabled":true,"jetpack_social_post_already_shared":true,"jetpack_social_options":{"image_generator_settings":{"template":"highway","enabled":false},"version":2}},"categories":[4],"tags":[],"class_list":{"0":"post-57403","1":"post","2":"type-post","3":"status-publish","4":"format-standard","5":"has-post-thumbnail","7":"category-actualidad"},"jetpack_publicize_connections":[],"jetpack_sharing_enabled":true,"jetpack_featured_media_url":"https:\/\/i0.wp.com\/www.masrojo.com.ar\/home\/wp-content\/uploads\/rude-2.jpg?fit=1123%2C608&ssl=1","jetpack_shortlink":"https:\/\/wp.me\/p90W9F-eVR","_links":{"self":[{"href":"https:\/\/www.masrojo.com.ar\/home\/wp-json\/wp\/v2\/posts\/57403"}],"collection":[{"href":"https:\/\/www.masrojo.com.ar\/home\/wp-json\/wp\/v2\/posts"}],"about":[{"href":"https:\/\/www.masrojo.com.ar\/home\/wp-json\/wp\/v2\/types\/post"}],"author":[{"embeddable":true,"href":"https:\/\/www.masrojo.com.ar\/home\/wp-json\/wp\/v2\/users\/13"}],"replies":[{"embeddable":true,"href":"https:\/\/www.masrojo.com.ar\/home\/wp-json\/wp\/v2\/comments?post=57403"}],"version-history":[{"count":6,"href":"https:\/\/www.masrojo.com.ar\/home\/wp-json\/wp\/v2\/posts\/57403\/revisions"}],"predecessor-version":[{"id":57410,"href":"https:\/\/www.masrojo.com.ar\/home\/wp-json\/wp\/v2\/posts\/57403\/revisions\/57410"}],"wp:featuredmedia":[{"embeddable":true,"href":"https:\/\/www.masrojo.com.ar\/home\/wp-json\/wp\/v2\/media\/54474"}],"wp:attachment":[{"href":"https:\/\/www.masrojo.com.ar\/home\/wp-json\/wp\/v2\/media?parent=57403"}],"wp:term":[{"taxonomy":"category","embeddable":true,"href":"https:\/\/www.masrojo.com.ar\/home\/wp-json\/wp\/v2\/categories?post=57403"},{"taxonomy":"post_tag","embeddable":true,"href":"https:\/\/www.masrojo.com.ar\/home\/wp-json\/wp\/v2\/tags?post=57403"}],"curies":[{"name":"wp","href":"https:\/\/api.w.org\/{rel}","templated":true}]}}