{"id":57431,"date":"2022-02-24T19:49:23","date_gmt":"2022-02-24T22:49:23","guid":{"rendered":"https:\/\/www.masrojo.com.ar\/home\/?p=57431"},"modified":"2022-02-24T22:48:30","modified_gmt":"2022-02-25T01:48:30","slug":"juega-la-reserva","status":"publish","type":"post","link":"https:\/\/www.masrojo.com.ar\/home\/2022\/02\/24\/juega-la-reserva\/","title":{"rendered":"Juega la reserva"},"content":{"rendered":"<p>El equipo dirigido por Claudio Graf recibe a Boca desde las 9am en el predio de Villa Dom\u00ednico por la fecha 4 del torneo de reserva.<\/p>\n<p><img data-recalc-dims=\"1\" loading=\"lazy\" decoding=\"async\" class=\"alignnone size-full wp-image-57358\" src=\"https:\/\/i0.wp.com\/www.masrojo.com.ar\/home\/wp-content\/uploads\/IMG-20220220-WA0030.jpg?resize=1600%2C1066&#038;ssl=1\" alt=\"Independiente viene de empatar sin goles vs V\u00e9lez\" width=\"1600\" height=\"1066\" srcset=\"https:\/\/i0.wp.com\/www.masrojo.com.ar\/home\/wp-content\/uploads\/IMG-20220220-WA0030.jpg?w=1600&amp;ssl=1 1600w, https:\/\/i0.wp.com\/www.masrojo.com.ar\/home\/wp-content\/uploads\/IMG-20220220-WA0030.jpg?resize=300%2C200&amp;ssl=1 300w, https:\/\/i0.wp.com\/www.masrojo.com.ar\/home\/wp-content\/uploads\/IMG-20220220-WA0030.jpg?resize=1024%2C682&amp;ssl=1 1024w, https:\/\/i0.wp.com\/www.masrojo.com.ar\/home\/wp-content\/uploads\/IMG-20220220-WA0030.jpg?resize=768%2C512&amp;ssl=1 768w, https:\/\/i0.wp.com\/www.masrojo.com.ar\/home\/wp-content\/uploads\/IMG-20220220-WA0030.jpg?resize=1536%2C1023&amp;ssl=1 1536w\" sizes=\"(max-width: 1000px) 100vw, 1000px\" \/><\/p>\n<p>Los concentrados para este partido son :<\/p>\n<p>*Arqueros*<br \/>\nDiego Segovia<br \/>\nManuel Tasso<\/p>\n<p>*Defensores*<br \/>\nAxel Poza<br \/>\nMateo Alberca<br \/>\nNehuen Garc\u00eda<br \/>\nMartin Gonz\u00e1lez<br \/>\nEnzo Franco<br \/>\nJoaqu\u00edn Leites<br \/>\nAxel Busto<\/p>\n<p>*Volantes *<br \/>\nEzequiel Soriano<br \/>\nIgnacio Medina<br \/>\nOctavio Mart\u00ednez<br \/>\nRamiro Lobo<br \/>\nFernando Da Rosa<br \/>\nThiago Mastrolorenzo<br \/>\nIsmael Cabrera<\/p>\n<p>*Delanteros*<br \/>\nSantiago Hidalgo<br \/>\nJoel Gonz\u00e1lez<br \/>\nRodrigo Atencio<br \/>\nNicol\u00e1s Vallejo<br \/>\nTom\u00e1s Rambert<br \/>\nBernardo Lorenzetti.<\/p>\n<p>&nbsp;<\/p>\n<p>El rojo no conoce la victoria en lo que va del torneo ya que en los tres partidos disputados hasta el momento empat\u00f3 3-3 vs Estudiantes, empat\u00f3 1-1 contra Arsenal y en la \u00faltima fecha igual\u00f3 tambi\u00e9n y fue 0-0 con V\u00e9lez.<\/p>\n<p>El Plantel de Reserva entren\u00f3 hoy en doble turno y qued\u00f3 concentrado en el nuevo edificio de descanso del predio de Villa Dom\u00ednico, a la espera del partido de ma\u00f1ana ante Boca Juniors.<\/p>\n<p>&nbsp;<\/p>\n<p>Por su parte los de la Ribera vienen de empatar 0-0 con Rosario Central y suma s\u00f3lo dos puntos a causa de dos empates y una derrota.<\/p>\n","protected":false},"excerpt":{"rendered":"<div class=\"mh-excerpt\"><p>El equipo dirigido por Claudio Graf recibe a Boca desde las 9am en el predio de Villa Dom\u00ednico por la fecha 4 del torneo de reserva. Los concentrados para este partido son : *Arqueros* Diego <a class=\"mh-excerpt-more\" href=\"https:\/\/www.masrojo.com.ar\/home\/2022\/02\/24\/juega-la-reserva\/\" title=\"Juega la reserva\">[&#8230;]<\/a><\/p>\n<\/div>","protected":false},"author":12,"featured_media":57358,"comment_status":"closed","ping_status":"closed","sticky":false,"template":"","format":"image","meta":{"_jetpack_memberships_contains_paid_content":false,"footnotes":"","jetpack_publicize_message":"","jetpack_publicize_feature_enabled":true,"jetpack_social_post_already_shared":true,"jetpack_social_options":{"image_generator_settings":{"template":"highway","enabled":false},"version":2}},"categories":[4],"tags":[],"class_list":{"0":"post-57431","1":"post","2":"type-post","3":"status-publish","4":"format-image","5":"has-post-thumbnail","7":"category-actualidad","8":"post_format-post-format-image"},"jetpack_publicize_connections":[],"jetpack_sharing_enabled":true,"jetpack_featured_media_url":"https:\/\/i0.wp.com\/www.masrojo.com.ar\/home\/wp-content\/uploads\/IMG-20220220-WA0030.jpg?fit=1600%2C1066&ssl=1","jetpack_shortlink":"https:\/\/wp.me\/p90W9F-eWj","_links":{"self":[{"href":"https:\/\/www.masrojo.com.ar\/home\/wp-json\/wp\/v2\/posts\/57431"}],"collection":[{"href":"https:\/\/www.masrojo.com.ar\/home\/wp-json\/wp\/v2\/posts"}],"about":[{"href":"https:\/\/www.masrojo.com.ar\/home\/wp-json\/wp\/v2\/types\/post"}],"author":[{"embeddable":true,"href":"https:\/\/www.masrojo.com.ar\/home\/wp-json\/wp\/v2\/users\/12"}],"replies":[{"embeddable":true,"href":"https:\/\/www.masrojo.com.ar\/home\/wp-json\/wp\/v2\/comments?post=57431"}],"version-history":[{"count":2,"href":"https:\/\/www.masrojo.com.ar\/home\/wp-json\/wp\/v2\/posts\/57431\/revisions"}],"predecessor-version":[{"id":57438,"href":"https:\/\/www.masrojo.com.ar\/home\/wp-json\/wp\/v2\/posts\/57431\/revisions\/57438"}],"wp:featuredmedia":[{"embeddable":true,"href":"https:\/\/www.masrojo.com.ar\/home\/wp-json\/wp\/v2\/media\/57358"}],"wp:attachment":[{"href":"https:\/\/www.masrojo.com.ar\/home\/wp-json\/wp\/v2\/media?parent=57431"}],"wp:term":[{"taxonomy":"category","embeddable":true,"href":"https:\/\/www.masrojo.com.ar\/home\/wp-json\/wp\/v2\/categories?post=57431"},{"taxonomy":"post_tag","embeddable":true,"href":"https:\/\/www.masrojo.com.ar\/home\/wp-json\/wp\/v2\/tags?post=57431"}],"curies":[{"name":"wp","href":"https:\/\/api.w.org\/{rel}","templated":true}]}}