{"id":57661,"date":"2022-03-04T06:45:29","date_gmt":"2022-03-04T09:45:29","guid":{"rendered":"https:\/\/www.masrojo.com.ar\/home\/?p=57661"},"modified":"2022-03-04T06:51:00","modified_gmt":"2022-03-04T09:51:00","slug":"recuperados","status":"publish","type":"post","link":"https:\/\/www.masrojo.com.ar\/home\/2022\/03\/04\/recuperados\/","title":{"rendered":"RECUPERADOS"},"content":{"rendered":"<p style=\"text-align: justify;\">La noticia del d\u00eda en Independiente pas\u00f3 por la vuelta de Dami\u00e1n Batallini a los entrenamientos en el predio de Villa Dom\u00ednico con vistas al partido contra Godoy Cruz, el pr\u00f3ximo lunes en Mendoza. El ex Argentinos Juniors se movi\u00f3 a la par de sus compa\u00f1eros despu\u00e9s de dos d\u00edas, pero lo hizo con menor intensidad por culpa de una faringitis.<\/p>\n<p style=\"text-align: justify;\">Batallini es una pieza fundamental en el equipo de Eduardo Dom\u00ednguez y todav\u00eda tiene margen para estar al 100 por ciento, al igual que Alan So\u00f1ora, quien atraviesa un cuadro gripal. El cuerpo m\u00e9dico ya los someti\u00f3 a testos por Covid-19 y ambos resultados fueron negativos.<\/p>\n<p style=\"text-align: justify;\">De todas formas, a\u00fan es una inc\u00f3gnita si el entrenador va a contar con ellos para visitar a Godoy Cruz el pr\u00f3ximo lunes a las 17 en el estadio Malvinas Argentinas de Mendoza, por la quinta fecha de la Copa de la Liga Profesional. Ambos quedaron debilitados y ser\u00e1n evaluados de cara al partido del lunes ante Godoy Cruz.\u00a0El ex Argentinos Juniors jug\u00f3 con faringitis ante Boca, mientras que el hijo de Chiche se hab\u00eda ausentado de la pr\u00e1ctica del mi\u00e9rcoles por un cuadro gripal.<\/p>\n<div class=\"sp__SM\">\n<div class=\"content-new  \">\n<div class=\"mg\"><\/div>\n<\/div>\n<\/div>\n","protected":false},"excerpt":{"rendered":"<div class=\"mh-excerpt\"><p>La noticia del d\u00eda en Independiente pas\u00f3 por la vuelta de Dami\u00e1n Batallini a los entrenamientos en el predio de Villa Dom\u00ednico con vistas al partido contra Godoy Cruz, el pr\u00f3ximo lunes en Mendoza. El <a class=\"mh-excerpt-more\" href=\"https:\/\/www.masrojo.com.ar\/home\/2022\/03\/04\/recuperados\/\" title=\"RECUPERADOS\">[&#8230;]<\/a><\/p>\n<\/div>","protected":false},"author":6,"featured_media":57662,"comment_status":"closed","ping_status":"closed","sticky":false,"template":"","format":"image","meta":{"_jetpack_memberships_contains_paid_content":false,"footnotes":"","jetpack_publicize_message":"","jetpack_publicize_feature_enabled":true,"jetpack_social_post_already_shared":true,"jetpack_social_options":{"image_generator_settings":{"template":"highway","enabled":false},"version":2}},"categories":[4],"tags":[],"class_list":{"0":"post-57661","1":"post","2":"type-post","3":"status-publish","4":"format-image","5":"has-post-thumbnail","7":"category-actualidad","8":"post_format-post-format-image"},"jetpack_publicize_connections":[],"jetpack_sharing_enabled":true,"jetpack_featured_media_url":"https:\/\/i0.wp.com\/www.masrojo.com.ar\/home\/wp-content\/uploads\/2-1.jpg?fit=960%2C548&ssl=1","jetpack_shortlink":"https:\/\/wp.me\/p90W9F-f01","_links":{"self":[{"href":"https:\/\/www.masrojo.com.ar\/home\/wp-json\/wp\/v2\/posts\/57661"}],"collection":[{"href":"https:\/\/www.masrojo.com.ar\/home\/wp-json\/wp\/v2\/posts"}],"about":[{"href":"https:\/\/www.masrojo.com.ar\/home\/wp-json\/wp\/v2\/types\/post"}],"author":[{"embeddable":true,"href":"https:\/\/www.masrojo.com.ar\/home\/wp-json\/wp\/v2\/users\/6"}],"replies":[{"embeddable":true,"href":"https:\/\/www.masrojo.com.ar\/home\/wp-json\/wp\/v2\/comments?post=57661"}],"version-history":[{"count":2,"href":"https:\/\/www.masrojo.com.ar\/home\/wp-json\/wp\/v2\/posts\/57661\/revisions"}],"predecessor-version":[{"id":57677,"href":"https:\/\/www.masrojo.com.ar\/home\/wp-json\/wp\/v2\/posts\/57661\/revisions\/57677"}],"wp:featuredmedia":[{"embeddable":true,"href":"https:\/\/www.masrojo.com.ar\/home\/wp-json\/wp\/v2\/media\/57662"}],"wp:attachment":[{"href":"https:\/\/www.masrojo.com.ar\/home\/wp-json\/wp\/v2\/media?parent=57661"}],"wp:term":[{"taxonomy":"category","embeddable":true,"href":"https:\/\/www.masrojo.com.ar\/home\/wp-json\/wp\/v2\/categories?post=57661"},{"taxonomy":"post_tag","embeddable":true,"href":"https:\/\/www.masrojo.com.ar\/home\/wp-json\/wp\/v2\/tags?post=57661"}],"curies":[{"name":"wp","href":"https:\/\/api.w.org\/{rel}","templated":true}]}}