{"id":57669,"date":"2022-03-04T06:50:17","date_gmt":"2022-03-04T09:50:17","guid":{"rendered":"https:\/\/www.masrojo.com.ar\/home\/?p=57669"},"modified":"2022-03-04T06:50:17","modified_gmt":"2022-03-04T09:50:17","slug":"vuelve-sosa-o-sigue-bacchia","status":"publish","type":"post","link":"https:\/\/www.masrojo.com.ar\/home\/2022\/03\/04\/vuelve-sosa-o-sigue-bacchia\/","title":{"rendered":"\u00bfVUELVE SOSA O SIGUE BACCHIA?"},"content":{"rendered":"<p style=\"text-align: justify;\">Mientras Dami\u00e1n Batallini y Alan So\u00f1ora est\u00e1n <a href=\"https:\/\/www.masrojo.com.ar\/home\/2022\/03\/04\/recuperados\/\">recuperados<\/a>, en el arco siguen esperando por la recuperaci\u00f3n del uruguayo.<\/p>\n<p style=\"text-align: justify;\">Sebasti\u00e1n Sosa \u00a0est\u00e1 en duda. El arquero a\u00fan no ataja desde el encuentro de la segunda fecha frente a Arsenal, ya que luego sufri\u00f3 un desgarro en el s\u00f3leo de la pierna izquierda. Renzo Bacchia fue su reemplazante y el t\u00e9cnico considera que cumpli\u00f3. Sosa podr\u00eda llegar con lo justo al choque con el Tomba, pero la idea es no asumir riesgos en caso de que no lo vean al 100% desde el punto de vista f\u00edsico.<\/p>\n<div class=\"sp__SM\">\n<div class=\"content-new  \">\n<div class=\"mg\"><\/div>\n<\/div>\n<\/div>\n","protected":false},"excerpt":{"rendered":"<div class=\"mh-excerpt\"><p>Mientras Dami\u00e1n Batallini y Alan So\u00f1ora est\u00e1n recuperados, en el arco siguen esperando por la recuperaci\u00f3n del uruguayo. Sebasti\u00e1n Sosa \u00a0est\u00e1 en duda. El arquero a\u00fan no ataja desde el encuentro de la segunda fecha <a class=\"mh-excerpt-more\" href=\"https:\/\/www.masrojo.com.ar\/home\/2022\/03\/04\/vuelve-sosa-o-sigue-bacchia\/\" title=\"\u00bfVUELVE SOSA O SIGUE BACCHIA?\">[&#8230;]<\/a><\/p>\n<\/div>","protected":false},"author":6,"featured_media":57670,"comment_status":"closed","ping_status":"closed","sticky":false,"template":"","format":"image","meta":{"_jetpack_memberships_contains_paid_content":false,"footnotes":"","jetpack_publicize_message":"","jetpack_publicize_feature_enabled":true,"jetpack_social_post_already_shared":true,"jetpack_social_options":{"image_generator_settings":{"template":"highway","enabled":false},"version":2}},"categories":[4],"tags":[],"class_list":{"0":"post-57669","1":"post","2":"type-post","3":"status-publish","4":"format-image","5":"has-post-thumbnail","7":"category-actualidad","8":"post_format-post-format-image"},"jetpack_publicize_connections":[],"jetpack_sharing_enabled":true,"jetpack_featured_media_url":"https:\/\/i0.wp.com\/www.masrojo.com.ar\/home\/wp-content\/uploads\/Sebastian-Sosa-entrenamiento.jpg?fit=2048%2C1365&ssl=1","jetpack_shortlink":"https:\/\/wp.me\/p90W9F-f09","_links":{"self":[{"href":"https:\/\/www.masrojo.com.ar\/home\/wp-json\/wp\/v2\/posts\/57669"}],"collection":[{"href":"https:\/\/www.masrojo.com.ar\/home\/wp-json\/wp\/v2\/posts"}],"about":[{"href":"https:\/\/www.masrojo.com.ar\/home\/wp-json\/wp\/v2\/types\/post"}],"author":[{"embeddable":true,"href":"https:\/\/www.masrojo.com.ar\/home\/wp-json\/wp\/v2\/users\/6"}],"replies":[{"embeddable":true,"href":"https:\/\/www.masrojo.com.ar\/home\/wp-json\/wp\/v2\/comments?post=57669"}],"version-history":[{"count":1,"href":"https:\/\/www.masrojo.com.ar\/home\/wp-json\/wp\/v2\/posts\/57669\/revisions"}],"predecessor-version":[{"id":57676,"href":"https:\/\/www.masrojo.com.ar\/home\/wp-json\/wp\/v2\/posts\/57669\/revisions\/57676"}],"wp:featuredmedia":[{"embeddable":true,"href":"https:\/\/www.masrojo.com.ar\/home\/wp-json\/wp\/v2\/media\/57670"}],"wp:attachment":[{"href":"https:\/\/www.masrojo.com.ar\/home\/wp-json\/wp\/v2\/media?parent=57669"}],"wp:term":[{"taxonomy":"category","embeddable":true,"href":"https:\/\/www.masrojo.com.ar\/home\/wp-json\/wp\/v2\/categories?post=57669"},{"taxonomy":"post_tag","embeddable":true,"href":"https:\/\/www.masrojo.com.ar\/home\/wp-json\/wp\/v2\/tags?post=57669"}],"curies":[{"name":"wp","href":"https:\/\/api.w.org\/{rel}","templated":true}]}}