{"id":57679,"date":"2022-03-04T20:14:54","date_gmt":"2022-03-04T23:14:54","guid":{"rendered":"https:\/\/www.masrojo.com.ar\/home\/?p=57679"},"modified":"2022-03-04T20:24:13","modified_gmt":"2022-03-04T23:24:13","slug":"futbol-en-espacios-reducidos","status":"publish","type":"post","link":"https:\/\/www.masrojo.com.ar\/home\/2022\/03\/04\/futbol-en-espacios-reducidos\/","title":{"rendered":"F\u00fatbol en espacios reducidos"},"content":{"rendered":"<p>El plantel de Independiente se entren\u00f3 en Villa Dominico, afianzando los movimientos para visitar a Godoy Cruz.<\/p>\n<p>Diferenciado trabaj\u00f3 Sebasti\u00e1n Sosa, y David Sayago se retir\u00f3 con fiebre (Hisopado negativo). Por su parte Domingo Blanco trabaj\u00f3 con normalidad, al igual que Pato Ostachuk.<\/p>\n<p>Eduardo Dom\u00ednguez charl\u00f3 un rato con Leandro Fern\u00e1ndez luego de los trabajos con pelota.<\/p>\n<p>Por su parte, Dami\u00e1n Batallini realiz\u00f3 trabajos en el gimnasio, est\u00e1 muy dif\u00edcil que salga de arranque el lunes.<\/p>\n<p>En cuanto a los trabajos, hubo F\u00fatbol en espacios reducidos con os equipos: Equipo Amaillo &#8211; Bacchia, Vigo, Barreto, Costa y Ortega; Benavidez, Blanco, Pozzo; Zarza, Benegas y Togni.<\/p>\n<p>Equipo Rojo: Milton \u00c1lvarez, Asis, Laso, Insaurralde y Rodr\u00edguez; Lucas Romero, Saltita Gonz\u00e1lez, So\u00f1ora; Chila M\u00e1rquez, Leandro Fern\u00e1ndez y Roa.<\/p>\n<p>El plantel volver\u00e1 a entrenar el s\u00e1bado en Villa Dom\u00ednico para luego viajar a Mendoza.<\/p>\n<blockquote class=\"twitter-tweet\">\n<p lang=\"es\" dir=\"ltr\">F\u00fatbol en espacios reducidos.<br \/>&#x1f3a5; <a href=\"https:\/\/twitter.com\/Leandropaz08?ref_src=twsrc%5Etfw\">@Leandropaz08<\/a> <a href=\"https:\/\/t.co\/Fiyu0iAyJK\">pic.twitter.com\/Fiyu0iAyJK<\/a><\/p>\n<p>&mdash; MasRojo (@masrojo) <a href=\"https:\/\/twitter.com\/masrojo\/status\/1499787388989714432?ref_src=twsrc%5Etfw\">March 4, 2022<\/a><\/p><\/blockquote>\n<p> <script async src=\"https:\/\/platform.twitter.com\/widgets.js\" charset=\"utf-8\"><\/script><\/p>\n","protected":false},"excerpt":{"rendered":"<div class=\"mh-excerpt\"><p>El plantel de Independiente se entren\u00f3 en Villa Dominico, afianzando los movimientos para visitar a Godoy Cruz. Diferenciado trabaj\u00f3 Sebasti\u00e1n Sosa, y David Sayago se retir\u00f3 con fiebre (Hisopado negativo). Por su parte Domingo Blanco <a class=\"mh-excerpt-more\" href=\"https:\/\/www.masrojo.com.ar\/home\/2022\/03\/04\/futbol-en-espacios-reducidos\/\" title=\"F\u00fatbol en espacios reducidos\">[&#8230;]<\/a><\/p>\n<\/div>","protected":false},"author":12,"featured_media":57680,"comment_status":"closed","ping_status":"closed","sticky":false,"template":"","format":"video","meta":{"_jetpack_memberships_contains_paid_content":false,"footnotes":"","jetpack_publicize_message":"","jetpack_publicize_feature_enabled":true,"jetpack_social_post_already_shared":true,"jetpack_social_options":{"image_generator_settings":{"template":"highway","enabled":false},"version":2}},"categories":[4,1],"tags":[],"class_list":{"0":"post-57679","1":"post","2":"type-post","3":"status-publish","4":"format-video","5":"has-post-thumbnail","7":"category-actualidad","8":"category-sin-categoria","9":"post_format-post-format-video"},"jetpack_publicize_connections":[],"jetpack_sharing_enabled":true,"jetpack_featured_media_url":"https:\/\/i0.wp.com\/www.masrojo.com.ar\/home\/wp-content\/uploads\/ent.jpg?fit=2080%2C960&ssl=1","jetpack_shortlink":"https:\/\/wp.me\/p90W9F-f0j","_links":{"self":[{"href":"https:\/\/www.masrojo.com.ar\/home\/wp-json\/wp\/v2\/posts\/57679"}],"collection":[{"href":"https:\/\/www.masrojo.com.ar\/home\/wp-json\/wp\/v2\/posts"}],"about":[{"href":"https:\/\/www.masrojo.com.ar\/home\/wp-json\/wp\/v2\/types\/post"}],"author":[{"embeddable":true,"href":"https:\/\/www.masrojo.com.ar\/home\/wp-json\/wp\/v2\/users\/12"}],"replies":[{"embeddable":true,"href":"https:\/\/www.masrojo.com.ar\/home\/wp-json\/wp\/v2\/comments?post=57679"}],"version-history":[{"count":1,"href":"https:\/\/www.masrojo.com.ar\/home\/wp-json\/wp\/v2\/posts\/57679\/revisions"}],"predecessor-version":[{"id":57686,"href":"https:\/\/www.masrojo.com.ar\/home\/wp-json\/wp\/v2\/posts\/57679\/revisions\/57686"}],"wp:featuredmedia":[{"embeddable":true,"href":"https:\/\/www.masrojo.com.ar\/home\/wp-json\/wp\/v2\/media\/57680"}],"wp:attachment":[{"href":"https:\/\/www.masrojo.com.ar\/home\/wp-json\/wp\/v2\/media?parent=57679"}],"wp:term":[{"taxonomy":"category","embeddable":true,"href":"https:\/\/www.masrojo.com.ar\/home\/wp-json\/wp\/v2\/categories?post=57679"},{"taxonomy":"post_tag","embeddable":true,"href":"https:\/\/www.masrojo.com.ar\/home\/wp-json\/wp\/v2\/tags?post=57679"}],"curies":[{"name":"wp","href":"https:\/\/api.w.org\/{rel}","templated":true}]}}