{"id":57707,"date":"2022-03-06T11:58:05","date_gmt":"2022-03-06T14:58:05","guid":{"rendered":"https:\/\/www.masrojo.com.ar\/home\/?p=57707"},"modified":"2022-03-06T11:58:05","modified_gmt":"2022-03-06T14:58:05","slug":"dominguez-y-una-dura-critica","status":"publish","type":"post","link":"https:\/\/www.masrojo.com.ar\/home\/2022\/03\/06\/dominguez-y-una-dura-critica\/","title":{"rendered":"DOMINGUEZ Y UNA DURA CR\u00cdTICA"},"content":{"rendered":"<p style=\"text-align: justify;\">Eduardo Dom\u00ednguez critic\u00f3 al f\u00fatbol argentino: \u00abTendr\u00eda que haber menos equipos\u00bb<br \/>\nEl entrenador de Independiente habl\u00f3 de todo y no se guard\u00f3 nada al hablar de los formatos que implement\u00f3 la AFA.<\/p>\n<p style=\"text-align: justify;\">En la previa del viaje de Independiente para enfrentar a Godoy Cruz, en Mendoza, por la quinta fecha de la Copa de la Liga. Eduardo Dom\u00ednguez se mostr\u00f3 en contra de los torneos que realiz\u00f3 la AFA, los descensos. Tambi\u00e9n habl\u00f3 de su relaci\u00f3n con su suegro, Carlos Bianchi, y hasta opin\u00f3 de la guerra de Rusia y Ucrania.<\/p>\n<p style=\"text-align: justify;\">\u00bfC\u00f3mo es tener de suegro a Bianchi?<\/p>\n<p style=\"text-align: justify;\">\u00abSi no lo considerar\u00eda como una herramienta ser\u00eda el m\u00e1s est\u00fapido. Seguramente a veces sea est\u00fapido y seguramente me equivocar\u00e9. Claro que hablamos y lo escucho. Y cuando tengo alguna duda le pregunto. \u00c9l siempre me ha dejado en claro que no me va a dar ning\u00fan consejo; me puede decir lo que le pas\u00f3 a \u00e9l y como le encontr\u00f3 una soluci\u00f3n, coment\u00f3 en una entrevista en Clar\u00edn.<\/p>\n<p style=\"text-align: justify;\">La actualidad del f\u00fatbol argentino.<\/p>\n<p style=\"text-align: justify;\">\u00abEs muy dif\u00edcil de ver por muchas situaciones y contextos. Por ejemplo, para m\u00ed hay ocho equipos de m\u00e1s en Primera. Para que sea m\u00e1s competitivo tendr\u00eda que haber menos equipos. Lo dije siempre y me favorec\u00ed: cuando ascendieron diez yo estaba en Hurac\u00e1n. Yo hab\u00eda dicho que era una locura tantos ascensos. Por ah\u00ed no hubi\u00e9semos ascendido. Y bueno, me lo hubiese tenido que ganar de otra forma\u00bb, afirm\u00f3.<\/p>\n<p style=\"text-align: justify;\">Y agreg\u00f3: \u00abDos a\u00f1os sin descensos es una locura. En Brasil todos pelean por algo, por no descender, por entrar a una Copa\u00bb.<\/p>\n<p style=\"text-align: justify;\">El f\u00fatbol y la guerra.<\/p>\n<p style=\"text-align: justify;\">\u00abComo cuando se dice que \u201ces un partido de viva o muerte\u201d. Es una locura pensar eso. De vida o muerte es para los que hoy est\u00e1n luchando en Ucrania. Eso es realmente la vida o la muerte. Uno ve los videos y las cosas que est\u00e1n pasando all\u00e1 y a m\u00ed me tiene muy triste eso. No me gusta, nunca pens\u00e9 que lo iba a vivir, que iba a ser contempor\u00e1neo a una guerra de tal magnitud. Hay dichos instalados en el f\u00fatbol, que es lo que apasiona m\u00e1s a este pa\u00eds, que no van para el lado que voy yo\u00bb, contest\u00f3 sobre la importancia de los resultados.<\/p>\n<p style=\"text-align: justify;\">El presente de Independiente.<\/p>\n<p style=\"text-align: justify;\">\u00abNosotros tenemos en claro los objetivos de este semestre y no solamente es lo local. Queremos pasar a octavos de final en el plano internacional. El otro semestre veremos c\u00f3mo podemos seguir avanzando. El objetivo no es solamente el torneo local, para nada\u00bb enfatiz\u00f3.<\/p>\n<p style=\"text-align: justify;\">Y agreg\u00f3: \u00abSe hablada de un mont\u00f3n de inhibiciones y se hablaba de que iban a caer otras m\u00e1s grandes. Hoy todo se va acomodando. Independiente se va ganando el respeto que merece de a poco con la seriedad que debe tener una instituci\u00f3n. Hay que cumplir las cosas que se dicen. Y desde que yo estoy se van cumpliendo\u00bb.<\/p>\n","protected":false},"excerpt":{"rendered":"<div class=\"mh-excerpt\"><p>Eduardo Dom\u00ednguez critic\u00f3 al f\u00fatbol argentino: \u00abTendr\u00eda que haber menos equipos\u00bb El entrenador de Independiente habl\u00f3 de todo y no se guard\u00f3 nada al hablar de los formatos que implement\u00f3 la AFA. En la previa <a class=\"mh-excerpt-more\" href=\"https:\/\/www.masrojo.com.ar\/home\/2022\/03\/06\/dominguez-y-una-dura-critica\/\" title=\"DOMINGUEZ Y UNA DURA CR\u00cdTICA\">[&#8230;]<\/a><\/p>\n<\/div>","protected":false},"author":6,"featured_media":56156,"comment_status":"closed","ping_status":"closed","sticky":false,"template":"","format":"image","meta":{"_jetpack_memberships_contains_paid_content":false,"footnotes":"","jetpack_publicize_message":"","jetpack_publicize_feature_enabled":true,"jetpack_social_post_already_shared":true,"jetpack_social_options":{"image_generator_settings":{"template":"highway","enabled":false},"version":2}},"categories":[4],"tags":[],"class_list":{"0":"post-57707","1":"post","2":"type-post","3":"status-publish","4":"format-image","5":"has-post-thumbnail","7":"category-actualidad","8":"post_format-post-format-image"},"jetpack_publicize_connections":[],"jetpack_sharing_enabled":true,"jetpack_featured_media_url":"https:\/\/i0.wp.com\/www.masrojo.com.ar\/home\/wp-content\/uploads\/20220105_023847.jpg?fit=2048%2C1366&ssl=1","jetpack_shortlink":"https:\/\/wp.me\/p90W9F-f0L","_links":{"self":[{"href":"https:\/\/www.masrojo.com.ar\/home\/wp-json\/wp\/v2\/posts\/57707"}],"collection":[{"href":"https:\/\/www.masrojo.com.ar\/home\/wp-json\/wp\/v2\/posts"}],"about":[{"href":"https:\/\/www.masrojo.com.ar\/home\/wp-json\/wp\/v2\/types\/post"}],"author":[{"embeddable":true,"href":"https:\/\/www.masrojo.com.ar\/home\/wp-json\/wp\/v2\/users\/6"}],"replies":[{"embeddable":true,"href":"https:\/\/www.masrojo.com.ar\/home\/wp-json\/wp\/v2\/comments?post=57707"}],"version-history":[{"count":1,"href":"https:\/\/www.masrojo.com.ar\/home\/wp-json\/wp\/v2\/posts\/57707\/revisions"}],"predecessor-version":[{"id":57713,"href":"https:\/\/www.masrojo.com.ar\/home\/wp-json\/wp\/v2\/posts\/57707\/revisions\/57713"}],"wp:featuredmedia":[{"embeddable":true,"href":"https:\/\/www.masrojo.com.ar\/home\/wp-json\/wp\/v2\/media\/56156"}],"wp:attachment":[{"href":"https:\/\/www.masrojo.com.ar\/home\/wp-json\/wp\/v2\/media?parent=57707"}],"wp:term":[{"taxonomy":"category","embeddable":true,"href":"https:\/\/www.masrojo.com.ar\/home\/wp-json\/wp\/v2\/categories?post=57707"},{"taxonomy":"post_tag","embeddable":true,"href":"https:\/\/www.masrojo.com.ar\/home\/wp-json\/wp\/v2\/tags?post=57707"}],"curies":[{"name":"wp","href":"https:\/\/api.w.org\/{rel}","templated":true}]}}