{"id":57965,"date":"2022-03-15T09:00:57","date_gmt":"2022-03-15T12:00:57","guid":{"rendered":"https:\/\/www.masrojo.com.ar\/home\/?p=57965"},"modified":"2022-03-15T09:00:57","modified_gmt":"2022-03-15T12:00:57","slug":"dominguez-es-evidente-que-nos-esta-costando","status":"publish","type":"post","link":"https:\/\/www.masrojo.com.ar\/home\/2022\/03\/15\/dominguez-es-evidente-que-nos-esta-costando\/","title":{"rendered":"Dom\u00ednguez: \u201cEs evidente que nos est\u00e1 costando\u00bb"},"content":{"rendered":"<p style=\"text-align: justify;\">En la previa al cl\u00e1sico ante Racing en la fecha que viene, Independiente no pas\u00f3 del empate ante Central C\u00f3rdoba en condici\u00f3n de local, por la sexta fecha de la Zona B de la Copa Liga Profesional. El ambiente en las tribunas del Ricardo Bochini estuvo caldeado y una vez que finaliz\u00f3 el encuentro los hinchas estallaron en contra de la comisi\u00f3n directiva, encabezada por Hugo y Pablo Moyano. Eduardo Dom\u00ednguez enfrent\u00f3 los micr\u00f3fonos en la conferencia posterior al duelo, analiz\u00f3 lo sucedido en la cancha y pidi\u00f3 tranquilidad a los fan\u00e1ticos.<\/p>\n<p style=\"text-align: justify;\">La palabra de Eduardo Dom\u00ednguez, tras el empate de Independiente<\/p>\n<p style=\"text-align: justify;\"><strong>\u201cEs evidente que nos est\u00e1 costando. Es momento de estar serenos. Serenidad desde adentro hacia afuera. Entiendo la impaciencia de la gente pero eso se vive de hace tiempo. Es de arrastre. Nosotros tenemos que mejorar\u201d<\/strong>, coment\u00f3 en primera instancia el estratega del Rojo, quien de todas formas advirti\u00f3 sobre el cl\u00e1sico ante Racing: <strong>\u201cEs lindo jugar el cl\u00e1sico con nuestra gente. Te motiv\u00e1s de manera diferente. Vamos a disfrutar la semana. Hay que disfrutarla pero sobre todo trabajarla. Hoy nos toca entender que estamos en ese proceso de la b\u00fasqueda\u00bb.<\/strong><\/p>\n<p style=\"text-align: justify;\">Puntualizando espec\u00edficamente sobre el desarrollo del juego, Dom\u00ednguez explic\u00f3:<strong> \u00abNos est\u00e1 costando vulnerar a los rivales. Tenemos que tener paciencia porque nos est\u00e1 costando ganar, pero no hay que desesperarse\u00bb. Y agreg\u00f3: \u00abHay que analizar bien c\u00f3mo darle mejora al equipo para que tenga el funcionamiento que pretendemos para ganar el partido\u00bb.<\/strong><\/p>\n<p style=\"text-align: justify;\">Asimismo, el entrenador argument\u00f3 sobre la utilizaci\u00f3n de cinco defensores para enfrentar a los de Santiago del Estero: <strong>\u201cLa linea de 5 fue buscando mejorar como equipo. El funcionamiento debe ser siempre el mismo. Tuvimos muchas situaciones para doblegar al rival con tres defensores, con cuatro y con cinco\u201d.<\/strong><\/p>\n<p><iframe loading=\"lazy\" width=\"560\" height=\"315\" src=\"https:\/\/www.youtube.com\/embed\/B7HK-B2dWsc\" title=\"YouTube video player\" frameborder=\"0\" allow=\"accelerometer; autoplay; clipboard-write; encrypted-media; gyroscope; picture-in-picture\" allowfullscreen><\/iframe><\/p>\n","protected":false},"excerpt":{"rendered":"<div class=\"mh-excerpt\"><p>En la previa al cl\u00e1sico ante Racing en la fecha que viene, Independiente no pas\u00f3 del empate ante Central C\u00f3rdoba en condici\u00f3n de local, por la sexta fecha de la Zona B de la Copa <a class=\"mh-excerpt-more\" href=\"https:\/\/www.masrojo.com.ar\/home\/2022\/03\/15\/dominguez-es-evidente-que-nos-esta-costando\/\" title=\"Dom\u00ednguez: \u201cEs evidente que nos est\u00e1 costando\u00bb\">[&#8230;]<\/a><\/p>\n<\/div>","protected":false},"author":13,"featured_media":57966,"comment_status":"closed","ping_status":"closed","sticky":false,"template":"","format":"audio","meta":{"_jetpack_memberships_contains_paid_content":false,"footnotes":"","jetpack_publicize_message":"","jetpack_publicize_feature_enabled":true,"jetpack_social_post_already_shared":true,"jetpack_social_options":{"image_generator_settings":{"template":"highway","enabled":false},"version":2}},"categories":[4],"tags":[],"class_list":{"0":"post-57965","1":"post","2":"type-post","3":"status-publish","4":"format-audio","5":"has-post-thumbnail","7":"category-actualidad","8":"post_format-post-format-audio"},"jetpack_publicize_connections":[],"jetpack_sharing_enabled":true,"jetpack_featured_media_url":"https:\/\/i0.wp.com\/www.masrojo.com.ar\/home\/wp-content\/uploads\/WhatsApp-Image-2022-03-15-at-8.25.23-AM.jpeg?fit=1600%2C1200&ssl=1","jetpack_shortlink":"https:\/\/wp.me\/p90W9F-f4V","_links":{"self":[{"href":"https:\/\/www.masrojo.com.ar\/home\/wp-json\/wp\/v2\/posts\/57965"}],"collection":[{"href":"https:\/\/www.masrojo.com.ar\/home\/wp-json\/wp\/v2\/posts"}],"about":[{"href":"https:\/\/www.masrojo.com.ar\/home\/wp-json\/wp\/v2\/types\/post"}],"author":[{"embeddable":true,"href":"https:\/\/www.masrojo.com.ar\/home\/wp-json\/wp\/v2\/users\/13"}],"replies":[{"embeddable":true,"href":"https:\/\/www.masrojo.com.ar\/home\/wp-json\/wp\/v2\/comments?post=57965"}],"version-history":[{"count":2,"href":"https:\/\/www.masrojo.com.ar\/home\/wp-json\/wp\/v2\/posts\/57965\/revisions"}],"predecessor-version":[{"id":57974,"href":"https:\/\/www.masrojo.com.ar\/home\/wp-json\/wp\/v2\/posts\/57965\/revisions\/57974"}],"wp:featuredmedia":[{"embeddable":true,"href":"https:\/\/www.masrojo.com.ar\/home\/wp-json\/wp\/v2\/media\/57966"}],"wp:attachment":[{"href":"https:\/\/www.masrojo.com.ar\/home\/wp-json\/wp\/v2\/media?parent=57965"}],"wp:term":[{"taxonomy":"category","embeddable":true,"href":"https:\/\/www.masrojo.com.ar\/home\/wp-json\/wp\/v2\/categories?post=57965"},{"taxonomy":"post_tag","embeddable":true,"href":"https:\/\/www.masrojo.com.ar\/home\/wp-json\/wp\/v2\/tags?post=57965"}],"curies":[{"name":"wp","href":"https:\/\/api.w.org\/{rel}","templated":true}]}}