{"id":57983,"date":"2022-03-15T12:02:00","date_gmt":"2022-03-15T15:02:00","guid":{"rendered":"https:\/\/www.masrojo.com.ar\/home\/?p=57983"},"modified":"2022-03-15T12:02:00","modified_gmt":"2022-03-15T15:02:00","slug":"poblete-el-refuerzo-inesperado","status":"publish","type":"post","link":"https:\/\/www.masrojo.com.ar\/home\/2022\/03\/15\/poblete-el-refuerzo-inesperado\/","title":{"rendered":"Poblete, el refuerzo inesperado"},"content":{"rendered":"<p style=\"text-align: justify;\">Independiente apret\u00f3 el acelerador para reforzar el equipo despu\u00e9s del cuestionado empate ante Central C\u00f3rdoba de Santiago del Estero (1-1), el cuarto al hilo en lo que va de la Copa Liga Profesional. Hoy, una nueva cara llegar\u00e1 al predio de Villa Dom\u00ednico, justo antes del cl\u00e1sico contra Racing, como para tratar de calmar el ambiente caldeado que siente por Avellaneda.<\/p>\n<p style=\"text-align: justify;\">Se trata de\u00a0<b>Ger\u00f3nimo Poblete<\/b>, quien tiene pautada la\u00a0<b>revisi\u00f3n m\u00e9dica<\/b>\u00a0para las 11 de la ma\u00f1ana de este martes en el Centro Rossi. Si todo sale bien, el mediocampista, ex\u00a0<b>Metalist<\/b>,\u00a0<b>firmar\u00e1 un pr\u00e9stamo sin cargo hasta junio, pero podr\u00eda continuar hasta diciembre en Independiente si sigue el conflicto b\u00e9lico entre Rusia y Ucrania<\/b>.<\/p>\n<p style=\"text-align: justify;\">La idea de<b>\u00a0Eduardo Dom\u00ednguez<\/b>\u00a0es que el ex\u00a0<b>Col\u00f3n<\/b>,\u00a0<b>San Lorenzo<\/b>\u00a0y\u00a0<b>V\u00e9lez\u00a0<\/b>dispute un puesto en la mitad de la cancha con\u00a0<b>Lucas Romero<\/b>, uno de los reprobados por los hinchas del Rojo en la noche de ayer, m\u00e1s all\u00e1 de que en realidad\u00a0<b>es un volante mixto<\/b>.<\/p>\n<p style=\"text-align: justify;\">Despu\u00e9s de un mercado de pases austero, lo cierto es que no hay mucho para cuestionarle a la dirigencia en este caso, debido a que\u00a0<b>Poblete\u00a0<\/b>es un jugador con\u00a0<b>experiencia<\/b>, tiene<b>\u00a029 a\u00f1os<\/b>, lleg\u00f3 a\u00a0<b>costo cero<\/b>\u00a0y\u00a0<b>ya fue dirigido por Dom\u00ednguez<\/b>.<\/p>\n<p style=\"text-align: justify;\">La operaci\u00f3n con\u00a0<b>Independiente\u00a0<\/b>pudo darse gracias a que la\u00a0<b>FIFA\u00a0<\/b>sac\u00f3 un\u00a0<b>comunicado excepcional<\/b>\u00a0en el que manifest\u00f3 que\u00a0<b>los jugadores que estaban disputando la liga ucraniana pod\u00edan incorporarse a otros clubes hasta el 30 de junio de este a\u00f1o<\/b>.<\/p>\n<p style=\"text-align: justify;\">\u00abDespu\u00e9s de vivir unos d\u00edas muy angustiantes con mi familia en Ucrania decidimos volver al pa\u00eds. Tengo la suerte de que un club tan importante como Independiente me d\u00e9 un lugar. Estoy muy contento y con muchas expectativas\u00bb, declar\u00f3 Poblete antes de pasar por la revisi\u00f3n m\u00e9dica.<\/p>\n<p style=\"text-align: justify;\">Y agreg\u00f3: \u00abSe estuvieron comunicando con mi representante y cre\u00edmos que era una buena opci\u00f3n. Es un club muy grande y muy importante. Ese desafi\u00f3 me ayud\u00f3 a tomar la decisi\u00f3n de venir\u00bb.<\/p>\n<p style=\"text-align: justify;\">En cuanto a su nuevo t\u00e9cnico, Eduardo Dom\u00ednguez, el mediocampista explic\u00f3: \u00abLo conozco de Col\u00f3n, es un gran entrenador, muy exigente y eso me gusta mucho. Esperemos poder estar a disposici\u00f3n cuanto antes\u00bb.<\/p>\n<div style=\"width: 640px;\" class=\"wp-video\"><!--[if lt IE 9]><script>document.createElement('video');<\/script><![endif]-->\n<video class=\"wp-video-shortcode\" id=\"video-57983-1\" width=\"640\" height=\"342\" preload=\"metadata\" controls=\"controls\"><source type=\"video\/mp4\" src=\"https:\/\/www.masrojo.com.ar\/home\/wp-content\/uploads\/275721613_667089987673127_886364319200706006_n.mp4?_=1\" \/><a href=\"https:\/\/www.masrojo.com.ar\/home\/wp-content\/uploads\/275721613_667089987673127_886364319200706006_n.mp4\">https:\/\/www.masrojo.com.ar\/home\/wp-content\/uploads\/275721613_667089987673127_886364319200706006_n.mp4<\/a><\/video><\/div>\n","protected":false},"excerpt":{"rendered":"<div class=\"mh-excerpt\"><p>Independiente apret\u00f3 el acelerador para reforzar el equipo despu\u00e9s del cuestionado empate ante Central C\u00f3rdoba de Santiago del Estero (1-1), el cuarto al hilo en lo que va de la Copa Liga Profesional. Hoy, una <a class=\"mh-excerpt-more\" href=\"https:\/\/www.masrojo.com.ar\/home\/2022\/03\/15\/poblete-el-refuerzo-inesperado\/\" title=\"Poblete, el refuerzo inesperado\">[&#8230;]<\/a><\/p>\n<\/div>","protected":false},"author":6,"featured_media":57985,"comment_status":"closed","ping_status":"closed","sticky":false,"template":"","format":"image","meta":{"_jetpack_memberships_contains_paid_content":false,"footnotes":"","jetpack_publicize_message":"","jetpack_publicize_feature_enabled":true,"jetpack_social_post_already_shared":true,"jetpack_social_options":{"image_generator_settings":{"template":"highway","enabled":false},"version":2}},"categories":[4],"tags":[],"class_list":{"0":"post-57983","1":"post","2":"type-post","3":"status-publish","4":"format-image","5":"has-post-thumbnail","7":"category-actualidad","8":"post_format-post-format-image"},"jetpack_publicize_connections":[],"jetpack_sharing_enabled":true,"jetpack_featured_media_url":"https:\/\/i0.wp.com\/www.masrojo.com.ar\/home\/wp-content\/uploads\/geronimo-poblete_862x485.jpg?fit=862%2C485&ssl=1","jetpack_shortlink":"https:\/\/wp.me\/p90W9F-f5d","_links":{"self":[{"href":"https:\/\/www.masrojo.com.ar\/home\/wp-json\/wp\/v2\/posts\/57983"}],"collection":[{"href":"https:\/\/www.masrojo.com.ar\/home\/wp-json\/wp\/v2\/posts"}],"about":[{"href":"https:\/\/www.masrojo.com.ar\/home\/wp-json\/wp\/v2\/types\/post"}],"author":[{"embeddable":true,"href":"https:\/\/www.masrojo.com.ar\/home\/wp-json\/wp\/v2\/users\/6"}],"replies":[{"embeddable":true,"href":"https:\/\/www.masrojo.com.ar\/home\/wp-json\/wp\/v2\/comments?post=57983"}],"version-history":[{"count":1,"href":"https:\/\/www.masrojo.com.ar\/home\/wp-json\/wp\/v2\/posts\/57983\/revisions"}],"predecessor-version":[{"id":57991,"href":"https:\/\/www.masrojo.com.ar\/home\/wp-json\/wp\/v2\/posts\/57983\/revisions\/57991"}],"wp:featuredmedia":[{"embeddable":true,"href":"https:\/\/www.masrojo.com.ar\/home\/wp-json\/wp\/v2\/media\/57985"}],"wp:attachment":[{"href":"https:\/\/www.masrojo.com.ar\/home\/wp-json\/wp\/v2\/media?parent=57983"}],"wp:term":[{"taxonomy":"category","embeddable":true,"href":"https:\/\/www.masrojo.com.ar\/home\/wp-json\/wp\/v2\/categories?post=57983"},{"taxonomy":"post_tag","embeddable":true,"href":"https:\/\/www.masrojo.com.ar\/home\/wp-json\/wp\/v2\/tags?post=57983"}],"curies":[{"name":"wp","href":"https:\/\/api.w.org\/{rel}","templated":true}]}}