{"id":58001,"date":"2022-03-15T19:38:56","date_gmt":"2022-03-15T22:38:56","guid":{"rendered":"https:\/\/www.masrojo.com.ar\/home\/?p=58001"},"modified":"2022-03-15T19:40:38","modified_gmt":"2022-03-15T22:40:38","slug":"doman-estallo-tras-el-fallo-de-la-justicia","status":"publish","type":"post","link":"https:\/\/www.masrojo.com.ar\/home\/2022\/03\/15\/doman-estallo-tras-el-fallo-de-la-justicia\/","title":{"rendered":"Doman estall\u00f3 tras el fallo de la Justicia"},"content":{"rendered":"<p class=\"description\" style=\"text-align: justify;\">La C\u00e1mara de La Plata fall\u00f3 contra Unidad Independiente y, quien encabeza la lista, avis\u00f3: \u00abSi no estamos en los comicios, la gente no va a tener opci\u00f3n\u00bb.<\/p>\n<div class=\"article-info\">\n<div class=\"article-info-left\">\n<div class=\"article-autor-info\">\n<div class=\"article-autor-name\">\n<p style=\"text-align: justify;\">Este martes, la C\u00e1mara de La Plata ratific\u00f3 la determinaci\u00f3n de la Junta Electoral de\u00a0<b>Independiente\u00a0<\/b>de no habilitar a la agrupaci\u00f3n<b>\u00a0Unidad Independiente\u00a0<\/b>para presentarse a los pr\u00f3ximos comicios del club, que a\u00fan no tienen fecha confirmada. Y si bien la decisi\u00f3n final la tendr\u00e1 el Juez de Primera Instancia en lo Civil y Comercial N\u00b03 de Avellaneda y la C\u00e1mara de Lomas de Zamora,\u00a0<b>Fabian Doman<\/b>\u00a0-cabeza de la lista- hizo arder la interna.<\/p>\n<div class=\"watchto-wrap\">\n<div class=\"watchto\">\n<p style=\"text-align: justify;\">\u00ab<i><b>Es una decisi\u00f3n que esper\u00e1bamos. Sab\u00edamos que iba a ser adverso\u00bb<\/b><\/i>, inici\u00f3 Doman en di\u00e1logo con TyC Sports. Asimismo, estableci\u00f3 qu\u00e9 tiene que pasar para que su lista pueda participar en las elecciones del Rojo y detall\u00f3: \u00ab<i>Para eso, la Justicia de Avellaneda, Lan\u00fas y Lomas de Zamora tiene que fallar y despu\u00e9s decidir si va a haber elecciones con nosotros, sin nosotros o\u00a0<b>que haya un nuevo proceso electoral<\/b><\/i><b>\u00ab. Y aclar\u00f3 que este \u00faltimo punto es por el cual \u00e9l optar\u00eda<\/b>.<\/p>\n<p style=\"text-align: justify;\">\u00ab<i><b>Me resultar\u00eda muy triste que un club como Independiente no tenga autoridades elegidas por los votos de los socios\u00a0<\/b>o que haya una elecci\u00f3n donde la mayor parte de los socios no tenga un canal de participaci\u00f3n<\/i>\u00ab, indic\u00f3 tras el esc\u00e1ndalo que tuvo comienzo el 15 de diciembre, cuando la Justicia decidi\u00f3 suspender las elecciones (programadas para el 19 de ese mes) luego de que la Junta Electoral de Independiente determinara la presencia de irregularidades en el armado de la lista de Doman.<\/p>\n<p style=\"text-align: justify;\">\u00ab<i><b>Mucha gente cree que nosotros manej\u00e1bamos los tiempos, pero depende de la Justicia<\/b>, depende del Juez y de la C\u00e1mara que fue la que tom\u00f3 la decisi\u00f3n de darnos la cautelar en tiempo de elecciones<\/i>\u00ab, continu\u00f3 el tambi\u00e9n periodista.<\/p>\n<div class=\"watchto-wrap\">\n<div class=\"watchto\">\n<p style=\"text-align: justify;\">\u00ab<i>Es muy dif\u00edcil dar un fallo en contra de Hugo Moyano. Pelear contra Moyano no es ni duro ni complejo, es solitario<\/i>\u00ab, declar\u00f3 indignado por el poco respaldo recibido a su entender para hacerle frente al oficialismo. \u00ab<i>Nosotros creemos que vamos a ser habilitados, pero si no estamos nosotros, la gente no va a tener opci\u00f3n<\/i>\u00ab, tambi\u00e9n indic\u00f3.<\/p>\n<p style=\"text-align: justify;\">Cuando Doman fue consultado con respecto a una posible coalici\u00f3n con la otra lista, su respuesta fue contundente y destructora. \u00ab<i><b>Yo no puedo convivir con una lista donde la mitad de la gente la puso un barra brava<\/b>. A mi no me qued\u00f3 nunca claro si eso es una lista opositora o colectora y lo digo con todo el respeto que le tengo a\u00a0<b>Claudio Rudecindo<\/b>. Pero a veces la pol\u00edtica te hace compartir cosas con gente que no quer\u00e9s compartir.\u00a0<b>Adem\u00e1s tampoco creo que se puedan volver a rearmar las listas, con lo cual me parece que la suerte de la elecci\u00f3n est\u00e1 echada<\/b><\/i>\u00ab, acus\u00f3 en el final de la entrevista.<\/p>\n<section class=\"fluidMedia\">\n<div id=\"video-genoa-402825\" class=\"player-nota-wrapper genoa-async lazycontainer\" data-contentid=\"1242070\" data-share=\"https:\/\/www.tycsports.com\/independiente\/elecciones-independiente-fabian-doman-fallo-justicia-id419849.html\">\n<div class=\"player-nota-overlay\">\n<h2 style=\"text-align: justify;\">El descargo de Fabian Doman en redes sociales tras el fallo de la Justicia sobre las elecciones en Independiente<\/h2>\n<p style=\"text-align: justify;\">\u00abEn el d\u00eda de hoy tuvo lugar un acto pol\u00edtico en los tribunales de La Plata que esper\u00e1bamos: una C\u00e1mara excedi\u00e9ndose inusualmente en sus facultades, aval\u00f3 una decisi\u00f3n de la Direcci\u00f3n de Personas Jur\u00eddicas -que depende del Ministerio de Justicia de la provincia- que le permiti\u00f3 al moyanismo impedir que Unidad Independiente participe de las elecciones del club.<\/p>\n<p style=\"text-align: justify;\">Nada tiene esto que ver este hecho, vinculado al poder pol\u00edtico, con el expediente que se tramita en la justicia de Avellaneda-Lan\u00fas donde es el mes de diciembre se dict\u00f3 una cautelar postergando las elecciones hasta tanto se resuelva la cuesti\u00f3n de fondo. Este es el camino judicial.<\/p>\n<p style=\"text-align: justify;\">Ustedes se preguntar\u00e1n porque fuimos a La Plata sabiendo que todo depend\u00eda del poder pol\u00edtico bonaerense. Lo hicimos porque peleamos y los vamos a seguir haciendo en todos los frentes en defensa de los derechos de las socias y los socios para que puedan elegir libremente a quien consideran la mejor opci\u00f3n para conducir Independiente. Y porque hicimos todo de manera legal y leg\u00edtima para participar\u00bb.<\/p>\n<figure class=\"w-100\" style=\"text-align: justify;\"><img data-recalc-dims=\"1\" decoding=\"async\" title=\"El mensaje de Doman tras el fallo de la Justicia en las elecciones de Independiente\" src=\"https:\/\/i0.wp.com\/media.tycsports.com\/files\/2022\/03\/15\/402828\/el-mensaje-de-doman-tras-el-fallo-de-la-justicia-en-las-elecciones-de-independiente_w416.jpg?ssl=1\" srcset=\"https:\/\/media.tycsports.com\/files\/2022\/03\/15\/402828\/el-mensaje-de-doman-tras-el-fallo-de-la-justicia-en-las-elecciones-de-independiente_w416.jpg 480w, https:\/\/media.tycsports.com\/files\/2022\/03\/15\/402828\/el-mensaje-de-doman-tras-el-fallo-de-la-justicia-en-las-elecciones-de-independiente_w862.jpg 1080w\" alt=\"El mensaje de Doman tras el fallo de la Justicia en las elecciones de Independiente\" data-src=\"https:\/\/media.tycsports.com\/files\/2022\/03\/15\/402828\/el-mensaje-de-doman-tras-el-fallo-de-la-justicia-en-las-elecciones-de-independiente_w416.jpg\" data-srcset=\"https:\/\/media.tycsports.com\/files\/2022\/03\/15\/402828\/el-mensaje-de-doman-tras-el-fallo-de-la-justicia-en-las-elecciones-de-independiente_w416.jpg 480w, https:\/\/media.tycsports.com\/files\/2022\/03\/15\/402828\/el-mensaje-de-doman-tras-el-fallo-de-la-justicia-en-las-elecciones-de-independiente_w862.jpg 1080w\" \/><\/figure>\n<div>\n<p style=\"text-align: justify;\">\n<\/div>\n<\/div>\n<\/div>\n<\/section>\n<\/div>\n<\/div>\n<\/div>\n<\/div>\n<\/div>\n<\/div>\n<\/div>\n<\/div>\n","protected":false},"excerpt":{"rendered":"<div class=\"mh-excerpt\"><p>La C\u00e1mara de La Plata fall\u00f3 contra Unidad Independiente y, quien encabeza la lista, avis\u00f3: \u00abSi no estamos en los comicios, la gente no va a tener opci\u00f3n\u00bb. Este martes, la C\u00e1mara de La Plata <a class=\"mh-excerpt-more\" href=\"https:\/\/www.masrojo.com.ar\/home\/2022\/03\/15\/doman-estallo-tras-el-fallo-de-la-justicia\/\" title=\"Doman estall\u00f3 tras el fallo de la Justicia\">[&#8230;]<\/a><\/p>\n<\/div>","protected":false},"author":6,"featured_media":56014,"comment_status":"closed","ping_status":"closed","sticky":false,"template":"","format":"image","meta":{"_jetpack_memberships_contains_paid_content":false,"footnotes":"","jetpack_publicize_message":"","jetpack_publicize_feature_enabled":true,"jetpack_social_post_already_shared":true,"jetpack_social_options":{"image_generator_settings":{"template":"highway","enabled":false},"version":2}},"categories":[4,106],"tags":[],"class_list":{"0":"post-58001","1":"post","2":"type-post","3":"status-publish","4":"format-image","5":"has-post-thumbnail","7":"category-actualidad","8":"category-politica","9":"post_format-post-format-image"},"jetpack_publicize_connections":[],"jetpack_sharing_enabled":true,"jetpack_featured_media_url":"https:\/\/i0.wp.com\/www.masrojo.com.ar\/home\/wp-content\/uploads\/fabian-doman-y-hugo-moyano_862x485.jpg?fit=862%2C485&ssl=1","jetpack_shortlink":"https:\/\/wp.me\/p90W9F-f5v","_links":{"self":[{"href":"https:\/\/www.masrojo.com.ar\/home\/wp-json\/wp\/v2\/posts\/58001"}],"collection":[{"href":"https:\/\/www.masrojo.com.ar\/home\/wp-json\/wp\/v2\/posts"}],"about":[{"href":"https:\/\/www.masrojo.com.ar\/home\/wp-json\/wp\/v2\/types\/post"}],"author":[{"embeddable":true,"href":"https:\/\/www.masrojo.com.ar\/home\/wp-json\/wp\/v2\/users\/6"}],"replies":[{"embeddable":true,"href":"https:\/\/www.masrojo.com.ar\/home\/wp-json\/wp\/v2\/comments?post=58001"}],"version-history":[{"count":3,"href":"https:\/\/www.masrojo.com.ar\/home\/wp-json\/wp\/v2\/posts\/58001\/revisions"}],"predecessor-version":[{"id":58009,"href":"https:\/\/www.masrojo.com.ar\/home\/wp-json\/wp\/v2\/posts\/58001\/revisions\/58009"}],"wp:featuredmedia":[{"embeddable":true,"href":"https:\/\/www.masrojo.com.ar\/home\/wp-json\/wp\/v2\/media\/56014"}],"wp:attachment":[{"href":"https:\/\/www.masrojo.com.ar\/home\/wp-json\/wp\/v2\/media?parent=58001"}],"wp:term":[{"taxonomy":"category","embeddable":true,"href":"https:\/\/www.masrojo.com.ar\/home\/wp-json\/wp\/v2\/categories?post=58001"},{"taxonomy":"post_tag","embeddable":true,"href":"https:\/\/www.masrojo.com.ar\/home\/wp-json\/wp\/v2\/tags?post=58001"}],"curies":[{"name":"wp","href":"https:\/\/api.w.org\/{rel}","templated":true}]}}