{"id":58017,"date":"2022-03-15T20:02:05","date_gmt":"2022-03-15T23:02:05","guid":{"rendered":"https:\/\/www.masrojo.com.ar\/home\/?p=58017"},"modified":"2022-03-15T20:02:46","modified_gmt":"2022-03-15T23:02:46","slug":"duro-reves-para-pablo-moyano","status":"publish","type":"post","link":"https:\/\/www.masrojo.com.ar\/home\/2022\/03\/15\/duro-reves-para-pablo-moyano\/","title":{"rendered":"Duro rev\u00e9s para Pablo Moyano"},"content":{"rendered":"<p id=\"title\" style=\"text-align: justify;\">Anulan el sobreseimiento de Pablo Moyano en la causa por defraudaci\u00f3n a Independiente. Pablo Moyano es actual vice presidente ero por las diferencias con su padre y con Yoyo Maldonado se alej\u00f3 y no participa de las decisiones.<\/p>\n<div class=\"bajada\">\n<div class=\"bajada\">\n<p style=\"text-align: justify;\"><strong>Fue tras la apelaci\u00f3n del fiscal del caso, Sebasti\u00e1n Scalera, quien insiste en la responsabilidad del dirigente camionero como jefe de una asociaci\u00f3n il\u00edcita.<\/strong><\/p>\n<\/div>\n<p id=\"galeria-trigger\" class=\"entry-media no-p main-image col-lg-12 col-md-12 \" style=\"text-align: justify;\"><picture class=\"ppalFigure clip lazy_2\"><source srcset=\"https:\/\/www.clarin.com\/img\/2020\/12\/21\/pablo-moyano-en-la-cancha___mHtQWMOvU_1256x620__2.jpg#1647277361144\" media=\"(min-width: 720px)\" \/><\/picture><\/p>\n<div>\n<p style=\"text-align: justify;\">La C\u00e1mara de Apelaciones de Lomas de Zamora anul\u00f3 el sobreseimiento dictado por la jueza<strong>\u00a0Brenda Madrid<\/strong>\u00a0sobre\u00a0Pablo Moyano\u00a0en la causa donde se investig\u00f3 una defraudaci\u00f3n millonaria al\u00a0<strong>club Independiente<\/strong>.<\/p>\n<div id=\"div-gpt-ad-inread\" class=\"ad-slot \" data-adtype=\"inread\" data-google-query-id=\"CNukq7WbyfYCFQgGuQYdzlANqQ\">\n<p style=\"text-align: justify;\">La medida respondi\u00f3 a\u00a0<strong>la apelaci\u00f3n del fiscal del caso, Sebasti\u00e1n Scalera<\/strong>, quien insiste en la responsabilidad del hijo del l\u00edder de Camioneros, a quien imput\u00f3 como<strong>\u00a0jefe de una asociaci\u00f3n il\u00edcita.<\/strong><\/p>\n<p style=\"text-align: justify;\">En octubre de 2020, el fiscal Scalera pidi\u00f3 el env\u00edo\u00a0a juicio oral a Pablo Moyano al sostener que se dio por acreditado que,<strong>\u00a0junto al barra Pablo \u201cBebote\u201d \u00c1lvarez, fueron l\u00edderes de la organizaci\u00f3n criminal investigada<\/strong>.<\/p>\n<p style=\"text-align: justify;\">Seg\u00fan el fiscal, la organizaci\u00f3n criminal investigada \u00abtuvo su g\u00e9nesis durante los \u00faltimos tiempos de la presidencia en el club de\u00a0<strong>Javier Cantero<\/strong>, cuando, seg\u00fan lo explicado por &#8216;Bebote&#8217; \u00c1lvarez, \u00e9ste fue convocado por Pablo Moyano para consensuar un plan com\u00fan que tuvo como fin desestabilizar a\u00a0Cantero y lograr su salida anticipada (por medios coactivos) y, de esta manera, allanar el desembarco de los Moyano en la conducci\u00f3n de la instituci\u00f3n\u00bb.<\/p>\n<p style=\"text-align: justify;\">\u00abLa prueba demuestra que el plan para forzar a Cantero a dejar la presidencia del club consisti\u00f3 en actos il\u00edcitos realizados por la barra brava:\u00a0<strong>&#8216;aprietes&#8217; decididos, promovidos, validados y subvencionados por Pablo Moyano,<\/strong>\u00a0<strong>Noray\u00a0Nakis y H\u00e9ctor Maldonado<\/strong>\u00ab, seg\u00fan hab\u00eda remarcado Scalera en su pedido de elevaci\u00f3n a juicio.<\/p>\n<p style=\"text-align: justify;\">Entre otras cosas, para el fiscal, Pablo Moyano y \u201cBebote\u201d \u00c1lvarez \u00abacordaron una serie de concesiones rec\u00edprocas:\u00a0por un lado, la dirigencia contar\u00eda con la utilizaci\u00f3n de la barra brava para, a trav\u00e9s de sus actos ilegales\u00a0mantenerse al frente de la conducci\u00f3n pol\u00edtica del club y, por otro,<strong>\u00a0la barra brava recibir\u00eda la cobertura pol\u00edtica y econ\u00f3mica<\/strong>\u00a0de la dirigencia para llevar adelante su actividad y percibir determinados beneficios\u00bb.<\/p>\n<p style=\"text-align: justify;\">Sin embargo, la jueza<strong>\u00a0Brenda Madrid firm\u00f3 el sobreseimiento de Moyano<\/strong>. En lo que respecta a la mencionada defraudaci\u00f3n al\u00a0<strong>Club Atl\u00e9tico Independiente<\/strong>\u00a0mediante la gesti\u00f3n, obtenci\u00f3n, impresi\u00f3n oculta y reventa de entradas, protocolos de acceso a los espect\u00e1culos deportivos de dicha instituci\u00f3n, bonos y cuotas sociales por fuera del \u00e1mbito societario y sin ingresar el producido econ\u00f3mico al patrimonio del club, la jueza firm\u00f3 que\u00a0\u00absi bien sobre este punto ya me he expedido donde consider\u00e9 que exist\u00eda una organizaci\u00f3n criminal, entiendo que de las constancias reunidas en autos\u00a0<strong>no se encuentra acreditado que Moyano haya tenido participaci\u00f3n en la misma<\/strong>\u00ab, dijo la jueza.<\/p>\n<p style=\"text-align: justify;\">Prosiguiendo con sus argumentos, la magistrada indic\u00f3 que si bien existieron diversas acciones destinadas a la \u00abobtenci\u00f3n de concesiones rec\u00edprocas que vincularon a una parte de la dirigencia del club con los integrantes de una facci\u00f3n de la barra brava del club,\u00a0<strong>no puede decirse que dichas acciones estuvieron propiciadas, digitadas ni organizadas por Pablo Moyano<\/strong>\u00ab.<\/p>\n<p style=\"text-align: justify;\">Bajo esta misma l\u00ednea de argumentos, y rechazando la imputaci\u00f3n del fiscal Scalera, Madrid se\u00f1al\u00f3 que \u00abla circunstancia que estemos ante un hecho criminal no significa que todas las personas que all\u00ed se mencionan como part\u00edcipes y respecto de las cuales ya me he expedido, sean quienes efectivamente est\u00e9n involucradas, al menos en base a la prueba que respecto de Moyano logr\u00f3 recolectar el se\u00f1or Fiscal\u00bb.<\/p>\n<p style=\"text-align: justify;\">A estos planteos se opuso el fiscal del caso, quien apel\u00f3 el sobreseimiento. Finalmente, este lunes los jueces de la Sala 2 de la C\u00e1mara de Apelaciones de Lomas de Zamora le dieron\u00a0la raz\u00f3n al representante del Ministerio P\u00fablico Fiscal. En su\u00a0resoluci\u00f3n, a la que accedi\u00f3 Clar\u00edn, indican que la decisi\u00f3n de\u00a0la jueza Madrid fue tomada \u00absin precisar raz\u00f3n para resolver\u00bb la eximici\u00f3n\u00a0de responsabilidad de\u00a0Pablo Moyano.<\/p>\n<p style=\"text-align: justify;\">Los camaristas\u00a0<strong>Pablo Little y Alejandro Rojas<\/strong>\u00a0indicaron que \u00abotra vez, sin explicar los motivos, -Madrid- rest\u00f3 credibilidad a lo declarado por Lagarone y \u00c1lvarez -barras de Independiente- cuando anteriormente se vali\u00f3 de aquellos relatos para sustentar la imputaci\u00f3n contra la dirigencia\u00bb.<\/p>\n<p style=\"text-align: justify;\">La C\u00e1mara entendi\u00f3 que la jueza Madrid<strong>\u00a0formula \u00abun juicio diverso sobre extremos que anteriormente justipreci\u00f3 en otro sentido<\/strong>, se limit\u00f3 a sostener que exist\u00edan inconsistencias, sin profundizar sobre aquellas ni entregar siquiera conjetura para conocer en qu\u00e9 consistir\u00edan, si es que no compromet\u00edan al nombrado como lo afirma\u00bb.<\/p>\n<p style=\"text-align: justify;\">En otro tramo, los camaristas\u00a0plantearon que la magistrada \u00abexceptu\u00f3 toda consideraci\u00f3n sobre los restantes elementos que apoyan el cargo,\u00a0<strong>evidenciando un examen fragmentado y esencialmente contradictorio<\/strong>, que compromete definitivamente los par\u00e1metros de fundamentaci\u00f3n requeridos\u00bb.<\/p>\n<p style=\"text-align: justify;\">Bajo estos argumentos,<strong>\u00a0anularon la resoluci\u00f3n que sobrese\u00eda a Pablo Moyano ordenaron\u00a0un nuevo pronunciamiento<\/strong>\u00a0al respecto.<\/p>\n<div class=\"sp__SM\">\n<div class=\"content-new \">\n<p class=\"mg\" style=\"text-align: right;\">Clar\u00edn<\/p>\n<\/div>\n<\/div>\n<\/div>\n<\/div>\n<\/div>\n","protected":false},"excerpt":{"rendered":"<div class=\"mh-excerpt\"><p>Anulan el sobreseimiento de Pablo Moyano en la causa por defraudaci\u00f3n a Independiente. Pablo Moyano es actual vice presidente ero por las diferencias con su padre y con Yoyo Maldonado se alej\u00f3 y no participa <a class=\"mh-excerpt-more\" href=\"https:\/\/www.masrojo.com.ar\/home\/2022\/03\/15\/duro-reves-para-pablo-moyano\/\" title=\"Duro rev\u00e9s para Pablo Moyano\">[&#8230;]<\/a><\/p>\n<\/div>","protected":false},"author":6,"featured_media":58018,"comment_status":"closed","ping_status":"closed","sticky":false,"template":"","format":"image","meta":{"_jetpack_memberships_contains_paid_content":false,"footnotes":"","jetpack_publicize_message":"","jetpack_publicize_feature_enabled":true,"jetpack_social_post_already_shared":true,"jetpack_social_options":{"image_generator_settings":{"template":"highway","enabled":false},"version":2}},"categories":[4],"tags":[],"class_list":{"0":"post-58017","1":"post","2":"type-post","3":"status-publish","4":"format-image","5":"has-post-thumbnail","7":"category-actualidad","8":"post_format-post-format-image"},"jetpack_publicize_connections":[],"jetpack_sharing_enabled":true,"jetpack_featured_media_url":"https:\/\/i0.wp.com\/www.masrojo.com.ar\/home\/wp-content\/uploads\/be-1.png?fit=1256%2C620&ssl=1","jetpack_shortlink":"https:\/\/wp.me\/p90W9F-f5L","_links":{"self":[{"href":"https:\/\/www.masrojo.com.ar\/home\/wp-json\/wp\/v2\/posts\/58017"}],"collection":[{"href":"https:\/\/www.masrojo.com.ar\/home\/wp-json\/wp\/v2\/posts"}],"about":[{"href":"https:\/\/www.masrojo.com.ar\/home\/wp-json\/wp\/v2\/types\/post"}],"author":[{"embeddable":true,"href":"https:\/\/www.masrojo.com.ar\/home\/wp-json\/wp\/v2\/users\/6"}],"replies":[{"embeddable":true,"href":"https:\/\/www.masrojo.com.ar\/home\/wp-json\/wp\/v2\/comments?post=58017"}],"version-history":[{"count":2,"href":"https:\/\/www.masrojo.com.ar\/home\/wp-json\/wp\/v2\/posts\/58017\/revisions"}],"predecessor-version":[{"id":58025,"href":"https:\/\/www.masrojo.com.ar\/home\/wp-json\/wp\/v2\/posts\/58017\/revisions\/58025"}],"wp:featuredmedia":[{"embeddable":true,"href":"https:\/\/www.masrojo.com.ar\/home\/wp-json\/wp\/v2\/media\/58018"}],"wp:attachment":[{"href":"https:\/\/www.masrojo.com.ar\/home\/wp-json\/wp\/v2\/media?parent=58017"}],"wp:term":[{"taxonomy":"category","embeddable":true,"href":"https:\/\/www.masrojo.com.ar\/home\/wp-json\/wp\/v2\/categories?post=58017"},{"taxonomy":"post_tag","embeddable":true,"href":"https:\/\/www.masrojo.com.ar\/home\/wp-json\/wp\/v2\/tags?post=58017"}],"curies":[{"name":"wp","href":"https:\/\/api.w.org\/{rel}","templated":true}]}}