{"id":58105,"date":"2022-03-19T07:15:09","date_gmt":"2022-03-19T10:15:09","guid":{"rendered":"https:\/\/www.masrojo.com.ar\/home\/?p=58105"},"modified":"2022-03-18T20:14:42","modified_gmt":"2022-03-18T23:14:42","slug":"la-previa-con-varios-cambios","status":"publish","type":"post","link":"https:\/\/www.masrojo.com.ar\/home\/2022\/03\/19\/la-previa-con-varios-cambios\/","title":{"rendered":"LA PREVIA: CON VARIOS CAMBIOS"},"content":{"rendered":"<p style=\"text-align: justify;\">Independiente, con Leandro Benegas de arranque y dos dudas ante Racing.<\/p>\n<p style=\"text-align: justify;\">El Rojo recibe a La Academia en el cl\u00e1sico de Avellaneda este s\u00e1bado desde las 20.45 y Eduardo Dom\u00ednguez todav\u00eda no defini\u00f3 los once que ir\u00e1n de titulares.<\/p>\n<p style=\"text-align: justify;\">Este s\u00e1bado desde las 20.45, Independiente recibir\u00e1 a Racing en el Libertadores de Am\u00e9rica &#8211; Ricardo Enrique Bochini por la s\u00e9ptima fecha de la Copa Liga Profesional. El Rojo, que viene de igualar 1-1 con Central C\u00f3rdoba de Santiago del Estero, se enfrentar\u00e1 a La Academia en el cl\u00e1sico de Avellaneda en medio de un clima caliente.<\/p>\n<p style=\"text-align: justify;\">Eduardo Dom\u00ednguez, director t\u00e9cnico del equipo, todav\u00eda no defini\u00f3 los once e incluso todav\u00eda tiene algunas dudas, aunque decidi\u00f3 que Leandro Benegas ingresar\u00e1 en lugar de Leandro Fern\u00e1ndez, Sebasti\u00e1n Sosa volver\u00e1 a ocupar el arco y Lucas Rodr\u00edguez el lateral por izquierda. Adem\u00e1s, mantiene dos dudas, Lucas Gonz\u00e1lez o Carlos Benav\u00eddez y Gast\u00f3n Togni o Andr\u00e9s Roa, el autor del gol ante el Ferroviario.<\/p>\n<p style=\"text-align: justify;\">La probable formaci\u00f3n de Independiente ante Racing:<br \/>\n<strong>Sebasti\u00e1n Sosa; Alex Vigo, Sergio Barreto, Juan Manuel Insaurralde, Lucas Rodr\u00edguez; Carlos Benav\u00eddez o Lucas Gonz\u00e1lez, Lucas Romero, Alan So\u00f1ora; Dami\u00e1n Batallini, Leandro Benegas y Gast\u00f3n Togni o Andr\u00e9s Roa. DT: Eduardo Dom\u00ednguez.<\/strong><\/p>\n","protected":false},"excerpt":{"rendered":"<div class=\"mh-excerpt\"><p>Independiente, con Leandro Benegas de arranque y dos dudas ante Racing. El Rojo recibe a La Academia en el cl\u00e1sico de Avellaneda este s\u00e1bado desde las 20.45 y Eduardo Dom\u00ednguez todav\u00eda no defini\u00f3 los once <a class=\"mh-excerpt-more\" href=\"https:\/\/www.masrojo.com.ar\/home\/2022\/03\/19\/la-previa-con-varios-cambios\/\" title=\"LA PREVIA: CON VARIOS CAMBIOS\">[&#8230;]<\/a><\/p>\n<\/div>","protected":false},"author":6,"featured_media":57527,"comment_status":"closed","ping_status":"closed","sticky":false,"template":"","format":"image","meta":{"_jetpack_memberships_contains_paid_content":false,"footnotes":"","jetpack_publicize_message":"","jetpack_publicize_feature_enabled":true,"jetpack_social_post_already_shared":true,"jetpack_social_options":{"image_generator_settings":{"template":"highway","enabled":false},"version":2}},"categories":[4],"tags":[],"class_list":{"0":"post-58105","1":"post","2":"type-post","3":"status-publish","4":"format-image","5":"has-post-thumbnail","7":"category-actualidad","8":"post_format-post-format-image"},"jetpack_publicize_connections":[],"jetpack_sharing_enabled":true,"jetpack_featured_media_url":"https:\/\/i0.wp.com\/www.masrojo.com.ar\/home\/wp-content\/uploads\/descarga-2.jpg?fit=1256%2C618&ssl=1","jetpack_shortlink":"https:\/\/wp.me\/p90W9F-f7b","_links":{"self":[{"href":"https:\/\/www.masrojo.com.ar\/home\/wp-json\/wp\/v2\/posts\/58105"}],"collection":[{"href":"https:\/\/www.masrojo.com.ar\/home\/wp-json\/wp\/v2\/posts"}],"about":[{"href":"https:\/\/www.masrojo.com.ar\/home\/wp-json\/wp\/v2\/types\/post"}],"author":[{"embeddable":true,"href":"https:\/\/www.masrojo.com.ar\/home\/wp-json\/wp\/v2\/users\/6"}],"replies":[{"embeddable":true,"href":"https:\/\/www.masrojo.com.ar\/home\/wp-json\/wp\/v2\/comments?post=58105"}],"version-history":[{"count":2,"href":"https:\/\/www.masrojo.com.ar\/home\/wp-json\/wp\/v2\/posts\/58105\/revisions"}],"predecessor-version":[{"id":58107,"href":"https:\/\/www.masrojo.com.ar\/home\/wp-json\/wp\/v2\/posts\/58105\/revisions\/58107"}],"wp:featuredmedia":[{"embeddable":true,"href":"https:\/\/www.masrojo.com.ar\/home\/wp-json\/wp\/v2\/media\/57527"}],"wp:attachment":[{"href":"https:\/\/www.masrojo.com.ar\/home\/wp-json\/wp\/v2\/media?parent=58105"}],"wp:term":[{"taxonomy":"category","embeddable":true,"href":"https:\/\/www.masrojo.com.ar\/home\/wp-json\/wp\/v2\/categories?post=58105"},{"taxonomy":"post_tag","embeddable":true,"href":"https:\/\/www.masrojo.com.ar\/home\/wp-json\/wp\/v2\/tags?post=58105"}],"curies":[{"name":"wp","href":"https:\/\/api.w.org\/{rel}","templated":true}]}}