{"id":59277,"date":"2022-05-01T13:58:47","date_gmt":"2022-05-01T16:58:47","guid":{"rendered":"https:\/\/www.masrojo.com.ar\/home\/?p=59277"},"modified":"2022-05-13T06:52:33","modified_gmt":"2022-05-13T09:52:33","slug":"dominguez-puso-en-duda-su-futuro","status":"publish","type":"post","link":"https:\/\/www.masrojo.com.ar\/home\/2022\/05\/01\/dominguez-puso-en-duda-su-futuro\/","title":{"rendered":"Dom\u00ednguez puso en duda su futuro"},"content":{"rendered":"<p class=\"description\" style=\"text-align: justify;\">El director t\u00e9cnico del Rojo, con contrato hasta fin de a\u00f1o, reconoci\u00f3 que se sentar\u00e1 con los dirigentes a conversar sobre lo que viene. \u201cHabr\u00e1 que ver si est\u00e1n de acuerdo con lo que nosotros creemos para lograr una mejora\u201d, afirm\u00f3.<\/p>\n<div class=\"article-info\" style=\"text-align: justify;\">\n<div class=\"article-info-left\">\n<div class=\"article-autor-info\">\n<div class=\"article-autor-name\">\n<p class=\"capital\"><b>Eduardo Dom\u00ednguez<\/b>\u00a0dej\u00f3 abierto un gran interrogante sobre su continuidad, en la conferencia de prensa que brind\u00f3 anoche tras la derrota de Independiente frente a Lan\u00fas.<b><i>\u201cHabr\u00e1 que ver si los dirigentes est\u00e1n de acuerdo con lo que nosotros creemos para lograr una mejora\u201d<\/i><\/b>, afirm\u00f3.<\/p>\n<div data-google-query-id=\"CLPq_onhvvcCFfQN1AodfLkDOg\">\n<p>El director t\u00e9cnico del Rojo, con contrato hasta fin de a\u00f1o, destac\u00f3 que\u00a0<b><i>\u201cpor ahora solo se piensa en los pr\u00f3ximos dos partidos\u201d<\/i><\/b>. Adem\u00e1s, agreg\u00f3:\u00a0<i>\u201c<b>No es momento de tomar decisiones apresuradas<\/b>. Hay que planificar lo que viene, pero con tranquilidad. Sabemos las dificultades que tenemos\u201d<\/i>.<\/p>\n<p>Con respecto a los cinco partidos sin victorias en la Copa LPF (tres empates y dos derrotas), Dom\u00ednguez fue contundente.<i>\u00a0\u201cEstamos en un camino dif\u00edcil, pero tenemos que ganar en Paraguay y cerrar ante nuestra gente con un triunfo contra Hurac\u00e1n.\u00a0<b>Estos puntos tal vez los necesitemos m\u00e1s adelante<\/b>\u201d<\/i>, indic\u00f3.<\/p>\n<p>El entrenador hizo alusi\u00f3n al duelo como visitante frente a<b>\u00a0General Caballero<\/b>, el martes desde las 21.30 por la Copa Sudamericana, y desliz\u00f3 que\u00a0<i>\u201chay que trabajar en lo futbol\u00edstico, en lo f\u00edsico y en lo psicol\u00f3gico\u201d<\/i>. En tanto, a\u00f1adi\u00f3:<i><b>\u201cEstamos en Independiente y nos tenemos que hacer responsables de esto\u201d<\/b><\/i>.<\/p>\n<\/div>\n<\/div>\n<\/div>\n<\/div>\n<\/div>\n<div style=\"text-align: justify;\" data-google-query-id=\"CLPq_onhvvcCFfQN1AodfLkDOg\"><\/div>\n<div style=\"text-align: justify;\" data-google-query-id=\"CLPq_onhvvcCFfQN1AodfLkDOg\">\n<p>En su an\u00e1lisis, el director t\u00e9cnico de 43 a\u00f1os (cuid\u00f3 a varios titulares) fue muy autocr\u00edtico con lo realizado por sus futbolistas en la derrota de anoche contra el Granate en la Fortaleza.\u00a0<i>\u201cNinguno de los dos cont\u00f3 situaciones claras, pero<b>\u00a0ellos aunque sea tuvieron la iniciativa<\/b>. Nosotros, ni siquiera eso\u201d<\/i>, expres\u00f3.<\/p>\n<p><b><i>\u201cEn muchos pasajes de otros encuentros hubo algunas cosas positivas, pero no alcanza\u201d<\/i><\/b>, dispar\u00f3. El equipo ya no tiene chances de clasificar en la Copa LPF y hasta puede quedar \u00faltimo en su zona, por lo que la Copa Sudamericana (est\u00e1 segundo en la grupo a tres puntos de Cear\u00e1) pas\u00f3 a ser la prioridad.<\/p>\n<\/div>\n<!--[if lt IE 9]><script>document.createElement('audio');<\/script><![endif]-->\n<audio class=\"wp-audio-shortcode\" id=\"audio-59277-1\" preload=\"none\" style=\"width: 100%;\" controls=\"controls\"><source type=\"audio\/mpeg\" src=\"https:\/\/www.masrojo.com.ar\/home\/wp-content\/uploads\/F2mp_download_instagram_hd.mp3?_=1\" \/><a href=\"https:\/\/www.masrojo.com.ar\/home\/wp-content\/uploads\/F2mp_download_instagram_hd.mp3\">https:\/\/www.masrojo.com.ar\/home\/wp-content\/uploads\/F2mp_download_instagram_hd.mp3<\/a><\/audio>\n","protected":false},"excerpt":{"rendered":"<div class=\"mh-excerpt\"><p>El director t\u00e9cnico del Rojo, con contrato hasta fin de a\u00f1o, reconoci\u00f3 que se sentar\u00e1 con los dirigentes a conversar sobre lo que viene. \u201cHabr\u00e1 que ver si est\u00e1n de acuerdo con lo que nosotros <a class=\"mh-excerpt-more\" href=\"https:\/\/www.masrojo.com.ar\/home\/2022\/05\/01\/dominguez-puso-en-duda-su-futuro\/\" title=\"Dom\u00ednguez puso en duda su futuro\">[&#8230;]<\/a><\/p>\n<\/div>","protected":false},"author":6,"featured_media":58697,"comment_status":"closed","ping_status":"closed","sticky":false,"template":"","format":"audio","meta":{"_jetpack_memberships_contains_paid_content":false,"footnotes":"","jetpack_publicize_message":"","jetpack_publicize_feature_enabled":true,"jetpack_social_post_already_shared":true,"jetpack_social_options":{"image_generator_settings":{"template":"highway","enabled":false},"version":2}},"categories":[4],"tags":[],"class_list":{"0":"post-59277","1":"post","2":"type-post","3":"status-publish","4":"format-audio","5":"has-post-thumbnail","7":"category-actualidad","8":"post_format-post-format-audio"},"jetpack_publicize_connections":[],"jetpack_sharing_enabled":true,"jetpack_featured_media_url":"https:\/\/i0.wp.com\/www.masrojo.com.ar\/home\/wp-content\/uploads\/FP8XlRXWQAAEtD1-e1649616935216.jpg?fit=2048%2C1172&ssl=1","jetpack_shortlink":"https:\/\/wp.me\/p90W9F-fq5","_links":{"self":[{"href":"https:\/\/www.masrojo.com.ar\/home\/wp-json\/wp\/v2\/posts\/59277"}],"collection":[{"href":"https:\/\/www.masrojo.com.ar\/home\/wp-json\/wp\/v2\/posts"}],"about":[{"href":"https:\/\/www.masrojo.com.ar\/home\/wp-json\/wp\/v2\/types\/post"}],"author":[{"embeddable":true,"href":"https:\/\/www.masrojo.com.ar\/home\/wp-json\/wp\/v2\/users\/6"}],"replies":[{"embeddable":true,"href":"https:\/\/www.masrojo.com.ar\/home\/wp-json\/wp\/v2\/comments?post=59277"}],"version-history":[{"count":1,"href":"https:\/\/www.masrojo.com.ar\/home\/wp-json\/wp\/v2\/posts\/59277\/revisions"}],"predecessor-version":[{"id":59287,"href":"https:\/\/www.masrojo.com.ar\/home\/wp-json\/wp\/v2\/posts\/59277\/revisions\/59287"}],"wp:featuredmedia":[{"embeddable":true,"href":"https:\/\/www.masrojo.com.ar\/home\/wp-json\/wp\/v2\/media\/58697"}],"wp:attachment":[{"href":"https:\/\/www.masrojo.com.ar\/home\/wp-json\/wp\/v2\/media?parent=59277"}],"wp:term":[{"taxonomy":"category","embeddable":true,"href":"https:\/\/www.masrojo.com.ar\/home\/wp-json\/wp\/v2\/categories?post=59277"},{"taxonomy":"post_tag","embeddable":true,"href":"https:\/\/www.masrojo.com.ar\/home\/wp-json\/wp\/v2\/tags?post=59277"}],"curies":[{"name":"wp","href":"https:\/\/api.w.org\/{rel}","templated":true}]}}