{"id":6523,"date":"2018-01-15T23:33:54","date_gmt":"2018-01-16T02:33:54","guid":{"rendered":"https:\/\/www.masrojo.com.ar\/home\/?p=6523"},"modified":"2018-01-15T23:34:15","modified_gmt":"2018-01-16T02:34:15","slug":"molina-es-el-sueno-de-todo-pibe","status":"publish","type":"post","link":"https:\/\/www.masrojo.com.ar\/home\/2018\/01\/15\/molina-es-el-sueno-de-todo-pibe\/","title":{"rendered":"Molina: \u00abEs el sue\u00f1o de todo pibe\u00bb"},"content":{"rendered":"<p style=\"text-align: justify;\"><strong><em>\u00abEs una experiencia muy linda. Estoy muy contento de estar ac\u00e1 con los chicos de primera\u00bb<\/em><\/strong>, comenz\u00f3.<\/p>\n<p style=\"text-align: justify;\">Y continu\u00f3: <em>\u00ab\u00c9sta experiencia enorme te ayuda mucho. Los jugadores grandes te dan consejos y eso est\u00e1 muy bueno.<\/em><strong><em> Es el sue\u00f1o de todo pibe estar en Primera\u00bb.<\/em><br \/>\n<\/strong><br \/>\nEl chico de 18 a\u00f1os cont\u00f3 c\u00f3mo fue su paso por el club antes de ser subido al primer equipo:<em><br \/>\n\u00ab<strong>Yo estaba en la 5ta y despu\u00e9s pas\u00e9\u00a0a jugar en la Reserva<\/strong>.\u00a0Contra Chacarita me llamaron para probarme, entr\u00e9 15 minutos y met\u00ed dos goles. Le hice dos goles a Belgrano y <strong>pude convertirle a Racing.<\/strong>\u00a0Hice 5 goles y se me dio la oportunidad en Primera porque los grandes jugaban la Copa y no hab\u00eda muchos jugadores. <strong>Jugu\u00e9 5 minutos <\/strong><\/em>(contra Arsenal)<em><b> y fue\u00a0un sue\u00f1o\u00bb.<\/b><\/em><\/p>\n<p style=\"text-align: justify;\"><strong>\u00abHoy hay un grupo muy bueno<\/strong>. Vienen de ganar cosas y no hay tanta responsabilidad, que la tienen ellos los grandes, <strong>tenemos que jugar tranquilos<\/strong>. El grupo es muy bueno y te ayuda a estar tranquilo.<strong> Es un contexto ideal\u00bb;\u00a0\u00abYo los miro mucho en el d\u00eda a d\u00eda en el trabajo. <\/strong>C\u00f3mo definir y dem\u00e1s, me dan consejos\u00bb, se refiri\u00f3 a sus nuevos compa\u00f1eros en su posici\u00f3n.<\/p>\n<p style=\"text-align: justify;\">A pesar de la tranquilidad que destaca, el delantero remarc\u00f3 que <em>\u00abcuando sos pendejo<strong> tenes que esforzarte el doble<\/strong> porque estas en un club grande, como en todo club grande\u00bb.<strong><br \/>\n<\/strong><\/em><strong><br \/>\n<\/strong>En cuanto a su formaci\u00f3n, destac\u00f3 al Coordinador general de las Divisiones Inferiores del club<em><strong>: \u00abCon Ber\u00f3n tengo una relaci\u00f3n muy buena.<\/strong> Yo le estoy muy agradecido porque <strong>fue el que me dio la confianza<\/strong> en Reserva<strong>. Tengo la mejor relaci\u00f3n con \u00e9l<\/strong>, a veces hablamos\u00bb<\/em>, finaliz\u00f3 la joven nueva alternativa que tendr\u00e1 Ariel Holan en el ataque.<em><br \/>\n<\/em><\/p>\n","protected":false},"excerpt":{"rendered":"<div class=\"mh-excerpt\"><p>\u00abEs una experiencia muy linda. Estoy muy contento de estar ac\u00e1 con los chicos de primera\u00bb, comenz\u00f3. Y continu\u00f3: \u00ab\u00c9sta experiencia enorme te ayuda mucho. Los jugadores grandes te dan consejos y eso est\u00e1 muy <a class=\"mh-excerpt-more\" href=\"https:\/\/www.masrojo.com.ar\/home\/2018\/01\/15\/molina-es-el-sueno-de-todo-pibe\/\" title=\"Molina: \u00abEs el sue\u00f1o de todo pibe\u00bb\">[&#8230;]<\/a><\/p>\n<\/div>","protected":false},"author":4,"featured_media":0,"comment_status":"open","ping_status":"closed","sticky":false,"template":"","format":"standard","meta":{"_jetpack_memberships_contains_paid_content":false,"footnotes":"","jetpack_publicize_message":"#Independiente | Molina: \"Es el sue\u00f1o de todo pibe\"","jetpack_publicize_feature_enabled":true,"jetpack_social_post_already_shared":true,"jetpack_social_options":{"image_generator_settings":{"template":"highway","enabled":false},"version":2}},"categories":[4],"tags":[17,221,201],"class_list":{"0":"post-6523","1":"post","2":"type-post","3":"status-publish","4":"format-standard","6":"category-actualidad","7":"tag-independiente","8":"tag-mauro-molina","9":"tag-pretemporada"},"jetpack_publicize_connections":[],"jetpack_sharing_enabled":true,"jetpack_featured_media_url":"","jetpack_shortlink":"https:\/\/wp.me\/p90W9F-1Hd","_links":{"self":[{"href":"https:\/\/www.masrojo.com.ar\/home\/wp-json\/wp\/v2\/posts\/6523"}],"collection":[{"href":"https:\/\/www.masrojo.com.ar\/home\/wp-json\/wp\/v2\/posts"}],"about":[{"href":"https:\/\/www.masrojo.com.ar\/home\/wp-json\/wp\/v2\/types\/post"}],"author":[{"embeddable":true,"href":"https:\/\/www.masrojo.com.ar\/home\/wp-json\/wp\/v2\/users\/4"}],"replies":[{"embeddable":true,"href":"https:\/\/www.masrojo.com.ar\/home\/wp-json\/wp\/v2\/comments?post=6523"}],"version-history":[{"count":0,"href":"https:\/\/www.masrojo.com.ar\/home\/wp-json\/wp\/v2\/posts\/6523\/revisions"}],"wp:attachment":[{"href":"https:\/\/www.masrojo.com.ar\/home\/wp-json\/wp\/v2\/media?parent=6523"}],"wp:term":[{"taxonomy":"category","embeddable":true,"href":"https:\/\/www.masrojo.com.ar\/home\/wp-json\/wp\/v2\/categories?post=6523"},{"taxonomy":"post_tag","embeddable":true,"href":"https:\/\/www.masrojo.com.ar\/home\/wp-json\/wp\/v2\/tags?post=6523"}],"curies":[{"name":"wp","href":"https:\/\/api.w.org\/{rel}","templated":true}]}}