{"id":6547,"date":"2018-01-16T10:49:02","date_gmt":"2018-01-16T13:49:02","guid":{"rendered":"https:\/\/www.masrojo.com.ar\/home\/?p=6547"},"modified":"2018-01-16T10:49:02","modified_gmt":"2018-01-16T13:49:02","slug":"gaibor-espero-que-se-resuelva-rapido","status":"publish","type":"post","link":"https:\/\/www.masrojo.com.ar\/home\/2018\/01\/16\/gaibor-espero-que-se-resuelva-rapido\/","title":{"rendered":"Gaibor: \u00abEspero que se resuelva r\u00e1pido\u00bb"},"content":{"rendered":"<p style=\"text-align: justify;\">Fernando Gaibor, volante de Emelec, convers\u00f3 en EXCLUSIVA con Radio Huancavilca y dio detalles de c\u00f3mo avanza la negociacion para ser nuevo refuerzo de Independiente de Avellaneda. La operaci\u00f3n se har\u00e1 en 4 millones de d\u00f3lares netos por el 70% del pase. Mientras Gaibor realiza la pretemporada con Emelec en Uruguay y espera que se resuelva su pase.<\/p>\n<p style=\"text-align: justify;\">Gaibor manifest\u00f3 que el DT lo hizo trabajar de manera diferenciada ya qu\u00e9 hay una negociaci\u00f3n de por medio, tambi\u00e9n detall\u00f3 que el d\u00eda de ma\u00f1ana arriba su representante para finiquitar todo con Independiente y cerrar su traspaso. Para finalizar mand\u00f3 un mensaje a la hinchada agradeciendo su apoyo a cada momento<\/p>\n<p style=\"text-align: justify;\">Videos de Gaibor:<\/p>\n<p style=\"text-align: justify;\">\u201cHice diferenciado, con esto de la negociaci\u00f3n el DT no decidi\u00f3 arriesgar.<\/p>\n<p style=\"text-align: justify;\">Ma\u00f1ana arriba mi representante. La verdad solo quiero que se resuelva todo esto ya que solo quiero pensar en un objetivo\u201d<\/p>\n<p style=\"text-align: justify;\">\u201cNo puedo decir nada ya que no he firmado pero a la hinchada de Emelec muy agradecido. Siempre nos apoyan en las buenas y en las malas\u201d<\/p>\n<blockquote class=\"twitter-video\" data-lang=\"es\">\n<p dir=\"ltr\" lang=\"es\">.[VIDEO] Gaibor sobre si llegada a <a href=\"https:\/\/twitter.com\/Independiente?ref_src=twsrc%5Etfw\">@Independiente<\/a><\/p>\n<p>\u201cHice diferenciado, con esto de la negociacion el DT no decidi\u00f3 arriesgar.<\/p>\n<p>Ma\u00f1ana arriba mi representante. La verdad solo quiero que se resuelva todo esto ya que solo quiero pensar en un objetivo\u201d <a href=\"https:\/\/twitter.com\/RadioHuancavilk?ref_src=twsrc%5Etfw\">@RadioHuancavilk<\/a> en VIVO <a href=\"https:\/\/t.co\/FaL4bRpFU6\">pic.twitter.com\/FaL4bRpFU6<\/a><\/p>\n<p>\u2014 Radio Huancavilca830 (@RadioHuancavilk) <a href=\"https:\/\/twitter.com\/RadioHuancavilk\/status\/953043097457393664?ref_src=twsrc%5Etfw\">15 de enero de 2018<\/a><\/p><\/blockquote>\n<p><script async src=\"https:\/\/platform.twitter.com\/widgets.js\" charset=\"utf-8\"><\/script><\/p>\n","protected":false},"excerpt":{"rendered":"<div class=\"mh-excerpt\"><p>Fernando Gaibor, volante de Emelec, convers\u00f3 en EXCLUSIVA con Radio Huancavilca y dio detalles de c\u00f3mo avanza la negociacion para ser nuevo refuerzo de Independiente de Avellaneda. La operaci\u00f3n se har\u00e1 en 4 millones de <a class=\"mh-excerpt-more\" href=\"https:\/\/www.masrojo.com.ar\/home\/2018\/01\/16\/gaibor-espero-que-se-resuelva-rapido\/\" title=\"Gaibor: \u00abEspero que se resuelva r\u00e1pido\u00bb\">[&#8230;]<\/a><\/p>\n<\/div>","protected":false},"author":6,"featured_media":0,"comment_status":"open","ping_status":"closed","sticky":false,"template":"","format":"video","meta":{"_jetpack_memberships_contains_paid_content":false,"footnotes":"","jetpack_publicize_message":"","jetpack_publicize_feature_enabled":true,"jetpack_social_post_already_shared":true,"jetpack_social_options":{"image_generator_settings":{"template":"highway","enabled":false},"version":2}},"categories":[4],"tags":[215,19],"class_list":{"0":"post-6547","1":"post","2":"type-post","3":"status-publish","4":"format-video","6":"category-actualidad","7":"tag-gaibor","8":"tag-mercado-de-pases","9":"post_format-post-format-video"},"jetpack_publicize_connections":[],"jetpack_sharing_enabled":true,"jetpack_featured_media_url":"","jetpack_shortlink":"https:\/\/wp.me\/p90W9F-1HB","_links":{"self":[{"href":"https:\/\/www.masrojo.com.ar\/home\/wp-json\/wp\/v2\/posts\/6547"}],"collection":[{"href":"https:\/\/www.masrojo.com.ar\/home\/wp-json\/wp\/v2\/posts"}],"about":[{"href":"https:\/\/www.masrojo.com.ar\/home\/wp-json\/wp\/v2\/types\/post"}],"author":[{"embeddable":true,"href":"https:\/\/www.masrojo.com.ar\/home\/wp-json\/wp\/v2\/users\/6"}],"replies":[{"embeddable":true,"href":"https:\/\/www.masrojo.com.ar\/home\/wp-json\/wp\/v2\/comments?post=6547"}],"version-history":[{"count":0,"href":"https:\/\/www.masrojo.com.ar\/home\/wp-json\/wp\/v2\/posts\/6547\/revisions"}],"wp:attachment":[{"href":"https:\/\/www.masrojo.com.ar\/home\/wp-json\/wp\/v2\/media?parent=6547"}],"wp:term":[{"taxonomy":"category","embeddable":true,"href":"https:\/\/www.masrojo.com.ar\/home\/wp-json\/wp\/v2\/categories?post=6547"},{"taxonomy":"post_tag","embeddable":true,"href":"https:\/\/www.masrojo.com.ar\/home\/wp-json\/wp\/v2\/tags?post=6547"}],"curies":[{"name":"wp","href":"https:\/\/api.w.org\/{rel}","templated":true}]}}