{"id":66493,"date":"2023-04-03T15:23:20","date_gmt":"2023-04-03T18:23:20","guid":{"rendered":"https:\/\/www.masrojo.com.ar\/home\/?p=66493"},"modified":"2023-04-18T07:41:35","modified_gmt":"2023-04-18T10:41:35","slug":"denuncia-penal-contra-los-moyano-y-maldonado","status":"publish","type":"post","link":"https:\/\/www.masrojo.com.ar\/home\/2023\/04\/03\/denuncia-penal-contra-los-moyano-y-maldonado\/","title":{"rendered":"DENUNCIA PENAL CONTRA LOS MOYANO Y MALDONADO"},"content":{"rendered":"<p class=\"paragraph\" style=\"text-align: justify;\" data-mrf-recirculation=\"Links inline\">Despu\u00e9s que sentenciar\u00e1n a Independiente a pagar 2 mil millones de pesos a Gonzalo Ver\u00f3n,\u00a0<b>la dirigencia que preside Fabi\u00e1n Doman present\u00f3 una denuncia penal contra ante la justicia federal por los posibles delitos de administraci\u00f3n fraudulenta y lavado de activos<\/b>. Es la primera vez en la historia del club que se realiza una presentaci\u00f3n de esta clase.<\/p>\n<p class=\"paragraph\" style=\"text-align: justify;\" data-mrf-recirculation=\"Links inline\">Los apuntados por los actuales directivos del club de Avellaneda la gesti\u00f3n anterior son el ex presidente\u00a0<b>Hugo Moyano, su hijo Pablo Moyano y H\u00e9ctor Maldonado<\/b>. Adem\u00e1s,\u00a0<b>por el caso de la deuda salarial a Ver\u00f3n, los denunciados son el propio ex futbolista que pas\u00f3 por la instituci\u00f3n y su representante Nazareno Marcollese<\/b>. Adem\u00e1s,\u00a0<b>el ex abogado del club Jos\u00e9 Luis Barredo y las autoridades de la empresa OCA son parte de la presentaci\u00f3n<\/b>.<\/p>\n<div class=\"inline ad-wrapper\">\n<div class=\"dfpAd ad-inline\">\n<div id=\"infobae\/deportes\/nota\/inline\" class=\"infobae\/deportes\/nota\/inline arcad\" data-google-query-id=\"CJPr47eojv4CFfMZuQYdFj8FFw\">\n<p class=\"paragraph\" style=\"text-align: justify;\" data-mrf-recirculation=\"Links inline\">Tras el fallo que emiti\u00f3 el Tribunal de Trabajo N\u00b02 de Avellaneda que llevaba adelante el caso Ver\u00f3n, en la que intim\u00f3 a Independiente a abonar la suma final con intereses de\u00a0<b>$2.3332.981.796, alrededor de 11 millones de d\u00f3lares\u00a0<\/b>en la cotizaci\u00f3n oficial, el club emiti\u00f3 un comunicado en el que anticip\u00f3 que apelar\u00e1 la determinaci\u00f3n con una presentaci\u00f3n a la Suprema Corte de la Provincia de Buenos Aires.<\/p>\n<p class=\"paragraph\" style=\"text-align: justify;\" data-mrf-recirculation=\"Links inline\">Luego de que la Comisi\u00f3n Directiva de la instituci\u00f3n aval\u00f3 la denuncia, los casos en la que se sostiene la misma son la compra y el posterior juicio laboral de Gonzalo Ver\u00f3n, el no cobro del sponsoreo de la camiseta a la empresa OCA y la doble intermediaci\u00f3n en la compra del jugador Cecilio Dom\u00ednguez al club Am\u00e9rica de M\u00e9xico y la venta del jugador Nicol\u00e1s Figal al Inter de Miami, equipo de la MLS de los Estados Unidos.<\/p>\n<p class=\"paragraph\" style=\"text-align: justify;\" data-mrf-recirculation=\"Links inline\">En relaci\u00f3n a la demanda contra Ver\u00f3n, el club indica en su presentaci\u00f3n que\u00a0<b>\u201clos entonces dirigentes del Club omitieron contestar la misma y de este modo, consintieron todos y cada uno de los reclamos de Ver\u00f3n\u201d<\/b>.<\/p>\n<p class=\"paragraph\" style=\"text-align: justify;\" data-mrf-recirculation=\"Links inline\">Es importante recordar que Ver\u00f3n arrib\u00f3 a comienzos del 2018 e inicialmente se inform\u00f3 en off que hab\u00eda sido contratado en condici\u00f3n de libre tras su paso por la MLS, al mismo tiempo que le hab\u00edan realizado un contrato por m\u00e1s de tres a\u00f1os. El delantero surgido de Sportivo Italiano y que tuvo su rendimiento m\u00e1s destacado en San Lorenzo apenas disput\u00f3 en el Rojo 18 partidos oficiales entre las distintas competencias y s\u00f3lo convirti\u00f3 un tanto.<\/p>\n<p class=\"paragraph\" style=\"text-align: justify;\" data-mrf-recirculation=\"Links inline\">En relaci\u00f3n a otras dos transferencias de jugadores, como fue el caso de\u00a0<b>la compra del paraguayo Cecilio Dom\u00ednguez al Am\u00e9rica de M\u00e9xico<\/b>, el club denuncia que la dirigencia que encabez\u00f3 Hugo Moyano utiliz\u00f3 y comprometi\u00f3 pagos a dos agentes\/intermediarios por el mismo procedimiento. La otra operaci\u00f3n bajo investigaci\u00f3n es la venta de Figal.<\/p>\n<p class=\"paragraph\" style=\"text-align: justify;\" data-mrf-recirculation=\"Links inline\">\u201cVendi\u00f3 en solo dos millones quinientos mil d\u00f3lares a uno de los mejores valores de la instituci\u00f3n de gran trayectoria pues, luego de su paso por el extranjero, ha recalado en Boca Juniors donde es uno de sus defensores titulares\u201d, indic\u00f3 en la presentaci\u00f3n, en la que tambi\u00e9n especific\u00f3 que<b>\u00a0\u201cel Club cobr\u00f3 solo el 60% del monto que deb\u00eda percibir\u201d<\/b>.<\/p>\n<p class=\"paragraph\" style=\"text-align: justify;\" data-mrf-recirculation=\"Links inline\">Por su parte, en lo relacionado al caso OCA y su sponsoreo en la parte delantera de la camiseta del Rojo, la actual dirigencia indica que la negociaci\u00f3n con la empresa termin\u00f3 en un\u00a0<b>\u201cbochornoso espect\u00e1culo\u201d<\/b>. Se indica que la entidad, conocida en su \u00e9poca por los v\u00ednculos con el clan Moyano, dej\u00f3 de cumplir con el pago. Luego de esto, no se llevaron adelante los adecuados procesos de reclamo para cobrar dicha deuda y, en su lugar, se tomaron decisiones para no recuperar ese dinero en un claro perjuicio para el club.<\/p>\n<p data-mrf-recirculation=\"Links inline\">\n<\/div>\n<\/div>\n<\/div>\n","protected":false},"excerpt":{"rendered":"<div class=\"mh-excerpt\"><p>Despu\u00e9s que sentenciar\u00e1n a Independiente a pagar 2 mil millones de pesos a Gonzalo Ver\u00f3n,\u00a0la dirigencia que preside Fabi\u00e1n Doman present\u00f3 una denuncia penal contra ante la justicia federal por los posibles delitos de administraci\u00f3n <a class=\"mh-excerpt-more\" href=\"https:\/\/www.masrojo.com.ar\/home\/2023\/04\/03\/denuncia-penal-contra-los-moyano-y-maldonado\/\" title=\"DENUNCIA PENAL CONTRA LOS MOYANO Y MALDONADO\">[&#8230;]<\/a><\/p>\n<\/div>","protected":false},"author":6,"featured_media":63275,"comment_status":"closed","ping_status":"closed","sticky":false,"template":"","format":"image","meta":{"_jetpack_memberships_contains_paid_content":false,"footnotes":"","jetpack_publicize_message":"","jetpack_publicize_feature_enabled":true,"jetpack_social_post_already_shared":true,"jetpack_social_options":{"image_generator_settings":{"template":"highway","enabled":false},"version":2}},"categories":[4,8],"tags":[],"class_list":{"0":"post-66493","1":"post","2":"type-post","3":"status-publish","4":"format-image","5":"has-post-thumbnail","7":"category-actualidad","8":"category-institucionales","9":"post_format-post-format-image"},"jetpack_publicize_connections":[],"jetpack_sharing_enabled":true,"jetpack_featured_media_url":"https:\/\/i0.wp.com\/www.masrojo.com.ar\/home\/wp-content\/uploads\/Fea8o11WYAEaPVz.jpg?fit=2048%2C1453&ssl=1","jetpack_shortlink":"https:\/\/wp.me\/p90W9F-hit","_links":{"self":[{"href":"https:\/\/www.masrojo.com.ar\/home\/wp-json\/wp\/v2\/posts\/66493"}],"collection":[{"href":"https:\/\/www.masrojo.com.ar\/home\/wp-json\/wp\/v2\/posts"}],"about":[{"href":"https:\/\/www.masrojo.com.ar\/home\/wp-json\/wp\/v2\/types\/post"}],"author":[{"embeddable":true,"href":"https:\/\/www.masrojo.com.ar\/home\/wp-json\/wp\/v2\/users\/6"}],"replies":[{"embeddable":true,"href":"https:\/\/www.masrojo.com.ar\/home\/wp-json\/wp\/v2\/comments?post=66493"}],"version-history":[{"count":2,"href":"https:\/\/www.masrojo.com.ar\/home\/wp-json\/wp\/v2\/posts\/66493\/revisions"}],"predecessor-version":[{"id":66501,"href":"https:\/\/www.masrojo.com.ar\/home\/wp-json\/wp\/v2\/posts\/66493\/revisions\/66501"}],"wp:featuredmedia":[{"embeddable":true,"href":"https:\/\/www.masrojo.com.ar\/home\/wp-json\/wp\/v2\/media\/63275"}],"wp:attachment":[{"href":"https:\/\/www.masrojo.com.ar\/home\/wp-json\/wp\/v2\/media?parent=66493"}],"wp:term":[{"taxonomy":"category","embeddable":true,"href":"https:\/\/www.masrojo.com.ar\/home\/wp-json\/wp\/v2\/categories?post=66493"},{"taxonomy":"post_tag","embeddable":true,"href":"https:\/\/www.masrojo.com.ar\/home\/wp-json\/wp\/v2\/tags?post=66493"}],"curies":[{"name":"wp","href":"https:\/\/api.w.org\/{rel}","templated":true}]}}