{"id":66537,"date":"2023-04-05T15:10:02","date_gmt":"2023-04-05T18:10:02","guid":{"rendered":"https:\/\/www.masrojo.com.ar\/home\/?p=66537"},"modified":"2023-04-18T07:41:46","modified_gmt":"2023-04-18T10:41:46","slug":"parte-medico-del-plantel-profesional","status":"publish","type":"post","link":"https:\/\/www.masrojo.com.ar\/home\/2023\/04\/05\/parte-medico-del-plantel-profesional\/","title":{"rendered":"Parte M\u00e9dico del Plantel Profesional"},"content":{"rendered":"<p>Luego de la pr\u00e1ctica de hoy, estos son los partes m\u00e9dicos de los jugadores que est\u00e1n lesionados:<\/p>\n<p>&#8211; Agust\u00edn Mulet arrastra una sinovitis en su rodilla izquierda desde el partido con Col\u00f3n. Hoy no termin\u00f3 la pr\u00e1ctica por precauci\u00f3n.<\/p>\n<p>&#8211; Tomas Pozzo y Rodrigo Marques contin\u00faan con los trabajos de recuperaci\u00f3n luego de sus operaciones.<\/p>\n<p>&#8211; Ayrton Costa y Mauricio Cuero entrenaron a la par de sus compa\u00f1eros ya recuperados de sendas lesiones musculares.<\/p>\n<p>&#8211; Justo D&#8217;Angelo ya est\u00e1 en su etapa final de recuperaci\u00f3n y est\u00e1 entrenando con normalidad junto al resto del plantel.<\/p>\n","protected":false},"excerpt":{"rendered":"<div class=\"mh-excerpt\"><p>Luego de la pr\u00e1ctica de hoy, estos son los partes m\u00e9dicos de los jugadores que est\u00e1n lesionados: &#8211; Agust\u00edn Mulet arrastra una sinovitis en su rodilla izquierda desde el partido con Col\u00f3n. Hoy no termin\u00f3 <a class=\"mh-excerpt-more\" href=\"https:\/\/www.masrojo.com.ar\/home\/2023\/04\/05\/parte-medico-del-plantel-profesional\/\" title=\"Parte M\u00e9dico del Plantel Profesional\">[&#8230;]<\/a><\/p>\n<\/div>","protected":false},"author":6,"featured_media":66112,"comment_status":"closed","ping_status":"closed","sticky":false,"template":"","format":"standard","meta":{"_jetpack_memberships_contains_paid_content":false,"footnotes":"","jetpack_publicize_message":"","jetpack_publicize_feature_enabled":true,"jetpack_social_post_already_shared":true,"jetpack_social_options":{"image_generator_settings":{"template":"highway","enabled":false},"version":2}},"categories":[4],"tags":[1105,317],"class_list":{"0":"post-66537","1":"post","2":"type-post","3":"status-publish","4":"format-standard","5":"has-post-thumbnail","7":"category-actualidad","8":"tag-lesiones","9":"tag-parte-medico"},"jetpack_publicize_connections":[],"jetpack_sharing_enabled":true,"jetpack_featured_media_url":"https:\/\/i0.wp.com\/www.masrojo.com.ar\/home\/wp-content\/uploads\/monzon-1.jpg?fit=1024%2C768&ssl=1","jetpack_shortlink":"https:\/\/wp.me\/p90W9F-hjb","_links":{"self":[{"href":"https:\/\/www.masrojo.com.ar\/home\/wp-json\/wp\/v2\/posts\/66537"}],"collection":[{"href":"https:\/\/www.masrojo.com.ar\/home\/wp-json\/wp\/v2\/posts"}],"about":[{"href":"https:\/\/www.masrojo.com.ar\/home\/wp-json\/wp\/v2\/types\/post"}],"author":[{"embeddable":true,"href":"https:\/\/www.masrojo.com.ar\/home\/wp-json\/wp\/v2\/users\/6"}],"replies":[{"embeddable":true,"href":"https:\/\/www.masrojo.com.ar\/home\/wp-json\/wp\/v2\/comments?post=66537"}],"version-history":[{"count":1,"href":"https:\/\/www.masrojo.com.ar\/home\/wp-json\/wp\/v2\/posts\/66537\/revisions"}],"predecessor-version":[{"id":66543,"href":"https:\/\/www.masrojo.com.ar\/home\/wp-json\/wp\/v2\/posts\/66537\/revisions\/66543"}],"wp:featuredmedia":[{"embeddable":true,"href":"https:\/\/www.masrojo.com.ar\/home\/wp-json\/wp\/v2\/media\/66112"}],"wp:attachment":[{"href":"https:\/\/www.masrojo.com.ar\/home\/wp-json\/wp\/v2\/media?parent=66537"}],"wp:term":[{"taxonomy":"category","embeddable":true,"href":"https:\/\/www.masrojo.com.ar\/home\/wp-json\/wp\/v2\/categories?post=66537"},{"taxonomy":"post_tag","embeddable":true,"href":"https:\/\/www.masrojo.com.ar\/home\/wp-json\/wp\/v2\/tags?post=66537"}],"curies":[{"name":"wp","href":"https:\/\/api.w.org\/{rel}","templated":true}]}}