{"id":66821,"date":"2023-04-14T11:19:35","date_gmt":"2023-04-14T14:19:35","guid":{"rendered":"https:\/\/www.masrojo.com.ar\/home\/?p=66821"},"modified":"2023-04-18T07:41:11","modified_gmt":"2023-04-18T10:41:11","slug":"reves-de-fifa-por-gaston-silva","status":"publish","type":"post","link":"https:\/\/www.masrojo.com.ar\/home\/2023\/04\/14\/reves-de-fifa-por-gaston-silva\/","title":{"rendered":"Rev\u00e9s de FIFA por Gast\u00f3n Silva"},"content":{"rendered":"<p>La\u00a0FIFA conden\u00f3 a Independiente a pagarle u$s 1.650.000 d\u00f3lares al defensor Gast\u00f3n Silva\u00a0m\u00e1s intereses por una\u00a0deuda que mantiene la instituci\u00f3n con el jugador que hab\u00eda llegado a Avellaneda en 2017 proveniente de Torino de Italia y se march\u00f3 en 2020 por falta de pago.<\/p>\n<article id=\"conid\" data-conid=\"505317\">\n<section class=\"p20\">En medio de la crisis que atraviesa Independiente debido a la renuncia de Fabi\u00e1n Doman a la presidencia y en la previa del cl\u00e1sico ante Racing, la FIFA volvi\u00f3 a darle un cachetazo al Rojo, que si no paga en 45 d\u00edas quedar\u00e1 inhibido para incorporar.Adem\u00e1s del monto mencionado, el club deber\u00e1 desembolsar U$S 300 mil d\u00f3lares m\u00e1s en\u00a0 concepto de penalidad. Cabe remarcar que el lateral izquierdo hab\u00eda llegado a un acuerdo por un plan de pagos, pero nunca se cumpli\u00f3 ni la primera cuota, por lo que la demanda fue reactivada.<\/p>\n<figure class=\"w-100\"><img data-recalc-dims=\"1\" loading=\"lazy\" decoding=\"async\" class=\"aligncenter\" title=\"FIFA demanda\" src=\"https:\/\/i0.wp.com\/media.tycsports.com\/files\/2023\/04\/14\/556064\/fifa-demanda_w416.webp?resize=409%2C517&#038;ssl=1\" srcset=\"https:\/\/media.tycsports.com\/files\/2023\/04\/14\/556064\/fifa-demanda_w416.webp 480w, https:\/\/media.tycsports.com\/files\/2023\/04\/14\/556064\/fifa-demanda_w862.webp 1080w\" alt=\"FIFA demanda\" width=\"409\" height=\"517\" data-src=\"https:\/\/media.tycsports.com\/files\/2023\/04\/14\/556064\/fifa-demanda_w416.webp\" data-srcset=\"https:\/\/media.tycsports.com\/files\/2023\/04\/14\/556064\/fifa-demanda_w416.webp 480w, https:\/\/media.tycsports.com\/files\/2023\/04\/14\/556064\/fifa-demanda_w862.webp 1080w\" \/><\/figure>\n<\/section>\n<\/article>\n<p>&nbsp;<\/p>\n","protected":false},"excerpt":{"rendered":"<div class=\"mh-excerpt\"><p>La\u00a0FIFA conden\u00f3 a Independiente a pagarle u$s 1.650.000 d\u00f3lares al defensor Gast\u00f3n Silva\u00a0m\u00e1s intereses por una\u00a0deuda que mantiene la instituci\u00f3n con el jugador que hab\u00eda llegado a Avellaneda en 2017 proveniente de Torino de Italia <a class=\"mh-excerpt-more\" href=\"https:\/\/www.masrojo.com.ar\/home\/2023\/04\/14\/reves-de-fifa-por-gaston-silva\/\" title=\"Rev\u00e9s de FIFA por Gast\u00f3n Silva\">[&#8230;]<\/a><\/p>\n<\/div>","protected":false},"author":6,"featured_media":56187,"comment_status":"closed","ping_status":"closed","sticky":false,"template":"","format":"standard","meta":{"_jetpack_memberships_contains_paid_content":false,"footnotes":"","jetpack_publicize_message":"","jetpack_publicize_feature_enabled":true,"jetpack_social_post_already_shared":true,"jetpack_social_options":{"image_generator_settings":{"template":"highway","enabled":false},"version":2}},"categories":[4],"tags":[488],"class_list":{"0":"post-66821","1":"post","2":"type-post","3":"status-publish","4":"format-standard","5":"has-post-thumbnail","7":"category-actualidad","8":"tag-gaston-silva"},"jetpack_publicize_connections":[],"jetpack_sharing_enabled":true,"jetpack_featured_media_url":"https:\/\/i0.wp.com\/www.masrojo.com.ar\/home\/wp-content\/uploads\/gaston-silva.jpg?fit=920%2C517&ssl=1","jetpack_shortlink":"https:\/\/wp.me\/p90W9F-hnL","_links":{"self":[{"href":"https:\/\/www.masrojo.com.ar\/home\/wp-json\/wp\/v2\/posts\/66821"}],"collection":[{"href":"https:\/\/www.masrojo.com.ar\/home\/wp-json\/wp\/v2\/posts"}],"about":[{"href":"https:\/\/www.masrojo.com.ar\/home\/wp-json\/wp\/v2\/types\/post"}],"author":[{"embeddable":true,"href":"https:\/\/www.masrojo.com.ar\/home\/wp-json\/wp\/v2\/users\/6"}],"replies":[{"embeddable":true,"href":"https:\/\/www.masrojo.com.ar\/home\/wp-json\/wp\/v2\/comments?post=66821"}],"version-history":[{"count":2,"href":"https:\/\/www.masrojo.com.ar\/home\/wp-json\/wp\/v2\/posts\/66821\/revisions"}],"predecessor-version":[{"id":66828,"href":"https:\/\/www.masrojo.com.ar\/home\/wp-json\/wp\/v2\/posts\/66821\/revisions\/66828"}],"wp:featuredmedia":[{"embeddable":true,"href":"https:\/\/www.masrojo.com.ar\/home\/wp-json\/wp\/v2\/media\/56187"}],"wp:attachment":[{"href":"https:\/\/www.masrojo.com.ar\/home\/wp-json\/wp\/v2\/media?parent=66821"}],"wp:term":[{"taxonomy":"category","embeddable":true,"href":"https:\/\/www.masrojo.com.ar\/home\/wp-json\/wp\/v2\/categories?post=66821"},{"taxonomy":"post_tag","embeddable":true,"href":"https:\/\/www.masrojo.com.ar\/home\/wp-json\/wp\/v2\/tags?post=66821"}],"curies":[{"name":"wp","href":"https:\/\/api.w.org\/{rel}","templated":true}]}}