{"id":67243,"date":"2023-04-28T10:54:53","date_gmt":"2023-04-28T13:54:53","guid":{"rendered":"https:\/\/www.masrojo.com.ar\/home\/?p=67243"},"modified":"2023-05-30T20:51:16","modified_gmt":"2023-05-30T23:51:16","slug":"dos-bajas-para-recibir-al-pirata","status":"publish","type":"post","link":"https:\/\/www.masrojo.com.ar\/home\/2023\/04\/28\/dos-bajas-para-recibir-al-pirata\/","title":{"rendered":"Dos bajas para recibir al Pirata"},"content":{"rendered":"<p>Independiente\u00a0se medir\u00e1 ante Belgrano de C\u00f3rdoba este domingo a las 18hs en el estadio Libertadores de Am\u00e9rica &#8211; Ricardo Enrique Bochini por la Liga Profesional.<\/p>\n<p>En este encuentro, el Rojo no podr\u00e1 disponer de Luciano G\u00f3mez y Dami\u00e1n P\u00e9rez. Luciano sufri\u00f3 un desgarro en el partido ante River Plate en el M\u00e1s Monumental y P\u00e9rez fue expulsado a causa de doble amarilla en el mismo encuentro.<\/p>\n<p>Por consecuencia, el entrenador Ricardo Zielinski pondr\u00e1 a Mateo Baltasar Barcia en el lateral derecho reemplazando a Luciano G\u00f3mez y jugar\u00e1 con una l\u00ednea de cuatro defensores, diferenci\u00e1ndose del partido ante River en la que en el arranque el qeuipo se acomod\u00f3 con l\u00ednea de cinco en el fondo. En tanto, en lugar de Dami\u00e1n P\u00e9rez estar\u00e1 Ayrton Costa, quien volver\u00e1 luego de cumplir con una fecha de suspensi\u00f3n por las cinco amarillas que alcanz\u00f3 ante Racing.<\/p>\n<p>El equipo podr\u00eda formar de la siguiente manera: Rodrigo\u00a0Rey; Mateo Baltasar\u00a0Barcia, Sergio\u00a0Barreto, Javier\u00a0B\u00e1ez, Ayrton\u00a0Costa; Mauricio\u00a0Cuero, Iv\u00e1n\u00a0Marcone, Kevin\u00a0L\u00f3pez, Nicol\u00e1s\u00a0Vallejo; Mart\u00edn\u00a0Cauteruccio, Mat\u00edas\u00a0Gim\u00e9nez Rojas.<\/p>\n","protected":false},"excerpt":{"rendered":"<div class=\"mh-excerpt\"><p>Independiente\u00a0se medir\u00e1 ante Belgrano de C\u00f3rdoba este domingo a las 18hs en el estadio Libertadores de Am\u00e9rica &#8211; Ricardo Enrique Bochini por la Liga Profesional. En este encuentro, el Rojo no podr\u00e1 disponer de Luciano <a class=\"mh-excerpt-more\" href=\"https:\/\/www.masrojo.com.ar\/home\/2023\/04\/28\/dos-bajas-para-recibir-al-pirata\/\" title=\"Dos bajas para recibir al Pirata\">[&#8230;]<\/a><\/p>\n<\/div>","protected":false},"author":6,"featured_media":66838,"comment_status":"closed","ping_status":"closed","sticky":false,"template":"","format":"standard","meta":{"_jetpack_memberships_contains_paid_content":false,"footnotes":"","jetpack_publicize_message":"","jetpack_publicize_feature_enabled":true,"jetpack_social_post_already_shared":true,"jetpack_social_options":{"image_generator_settings":{"template":"highway","enabled":false},"version":2}},"categories":[4],"tags":[1124],"class_list":{"0":"post-67243","1":"post","2":"type-post","3":"status-publish","4":"format-standard","5":"has-post-thumbnail","7":"category-actualidad","8":"tag-belgrano-de-cordoba"},"jetpack_publicize_connections":[],"jetpack_sharing_enabled":true,"jetpack_featured_media_url":"https:\/\/i0.wp.com\/www.masrojo.com.ar\/home\/wp-content\/uploads\/FttuSbsXsAUi437.jpg?fit=2048%2C1366&ssl=1","jetpack_shortlink":"https:\/\/wp.me\/p90W9F-huz","_links":{"self":[{"href":"https:\/\/www.masrojo.com.ar\/home\/wp-json\/wp\/v2\/posts\/67243"}],"collection":[{"href":"https:\/\/www.masrojo.com.ar\/home\/wp-json\/wp\/v2\/posts"}],"about":[{"href":"https:\/\/www.masrojo.com.ar\/home\/wp-json\/wp\/v2\/types\/post"}],"author":[{"embeddable":true,"href":"https:\/\/www.masrojo.com.ar\/home\/wp-json\/wp\/v2\/users\/6"}],"replies":[{"embeddable":true,"href":"https:\/\/www.masrojo.com.ar\/home\/wp-json\/wp\/v2\/comments?post=67243"}],"version-history":[{"count":1,"href":"https:\/\/www.masrojo.com.ar\/home\/wp-json\/wp\/v2\/posts\/67243\/revisions"}],"predecessor-version":[{"id":67249,"href":"https:\/\/www.masrojo.com.ar\/home\/wp-json\/wp\/v2\/posts\/67243\/revisions\/67249"}],"wp:featuredmedia":[{"embeddable":true,"href":"https:\/\/www.masrojo.com.ar\/home\/wp-json\/wp\/v2\/media\/66838"}],"wp:attachment":[{"href":"https:\/\/www.masrojo.com.ar\/home\/wp-json\/wp\/v2\/media?parent=67243"}],"wp:term":[{"taxonomy":"category","embeddable":true,"href":"https:\/\/www.masrojo.com.ar\/home\/wp-json\/wp\/v2\/categories?post=67243"},{"taxonomy":"post_tag","embeddable":true,"href":"https:\/\/www.masrojo.com.ar\/home\/wp-json\/wp\/v2\/tags?post=67243"}],"curies":[{"name":"wp","href":"https:\/\/api.w.org\/{rel}","templated":true}]}}