{"id":67266,"date":"2023-04-30T08:10:35","date_gmt":"2023-04-30T11:10:35","guid":{"rendered":"https:\/\/www.masrojo.com.ar\/home\/?p=67266"},"modified":"2023-05-30T20:51:16","modified_gmt":"2023-05-30T23:51:16","slug":"camino-a-enfrentarse-a-belgrano","status":"publish","type":"post","link":"https:\/\/www.masrojo.com.ar\/home\/2023\/04\/30\/camino-a-enfrentarse-a-belgrano\/","title":{"rendered":"Camino a enfrentarse a Belgrano"},"content":{"rendered":"<p>Independiente recibir\u00e1 en el Libertadores de Am\u00e9rica &#8211; Ricrado Enrique Bochini a Belgrano de C\u00f3rdoba a las 18hs.<\/p>\n<p>Independiente viene de una semana muy movida debido a la colecta que est\u00e1 desarrollando el influencer Santi Maratea a beneficio de pagar las deudas que contrae el club y ayudar en esta crisis econ\u00f3mica.<\/p>\n<p>En lo deportivo respecta, Independiente tiene apenas 10 puntos, est\u00e1 a una distancia sideral de River (34) y luego de haber superado a Talleres (1-0) en la fecha inicial ingres\u00f3 en una suerte de callej\u00f3n sin salida con cinco derrotas y siete empates.<\/p>\n<p>El Ruso Zielinski efectuar\u00e1 cuatro cambios en relaci\u00f3n al equipo que cay\u00f3 frente a River: regresar\u00e1 Ayrton Costa en lugar de Dami\u00e1n P\u00e9rez, quien fue expulsado, Kevin L\u00f3pez reemplazar\u00e1 a Agust\u00edn Mulet, desgarrado, el uruguayo Mateo Barcia a Luciano G\u00f3mez, tambi\u00e9n con una lesi\u00f3n muscular, y Nicol\u00e1s Vallejo entrar\u00e1 por Joaqu\u00edn Laso, esta variante de orden t\u00e1ctica.<\/p>\n<p>Zielinski, intentar\u00e1 solucionar los problemas deportivos, mientras que los econ\u00f3micos pretenden ser paliados con una colecta para levantar las inhibiciones que pesan sobre el club que comenz\u00f3 hace 48 horas encabezada por el influencer Santiago Maratea.<\/p>\n<p>Los convocados son:<\/p>\n<p><img data-recalc-dims=\"1\" loading=\"lazy\" decoding=\"async\" class=\"aligncenter size-full wp-image-67267\" src=\"https:\/\/i0.wp.com\/www.masrojo.com.ar\/home\/wp-content\/uploads\/Fu6T8V3XgAUROez.jpg?resize=1080%2C1350&#038;ssl=1\" alt=\"\" width=\"1080\" height=\"1350\" srcset=\"https:\/\/i0.wp.com\/www.masrojo.com.ar\/home\/wp-content\/uploads\/Fu6T8V3XgAUROez.jpg?w=1080&amp;ssl=1 1080w, https:\/\/i0.wp.com\/www.masrojo.com.ar\/home\/wp-content\/uploads\/Fu6T8V3XgAUROez.jpg?resize=240%2C300&amp;ssl=1 240w, https:\/\/i0.wp.com\/www.masrojo.com.ar\/home\/wp-content\/uploads\/Fu6T8V3XgAUROez.jpg?resize=819%2C1024&amp;ssl=1 819w, https:\/\/i0.wp.com\/www.masrojo.com.ar\/home\/wp-content\/uploads\/Fu6T8V3XgAUROez.jpg?resize=768%2C960&amp;ssl=1 768w\" sizes=\"(max-width: 1000px) 100vw, 1000px\" \/><\/p>\n<p>El equipo podr\u00eda formar de la siguiente manera: Rodrigo\u00a0Rey; Mateo Baltasar\u00a0Barcia, Sergio\u00a0Barreto, Javier\u00a0B\u00e1ez, Ayrton\u00a0Costa; Mauricio\u00a0Cuero, Iv\u00e1n\u00a0Marcone, Kevin\u00a0L\u00f3pez, Nicol\u00e1s\u00a0Vallejo; Mart\u00edn\u00a0Cauteruccio, Mat\u00edas\u00a0Gim\u00e9nez Rojas.<\/p>\n","protected":false},"excerpt":{"rendered":"<div class=\"mh-excerpt\"><p>Independiente recibir\u00e1 en el Libertadores de Am\u00e9rica &#8211; Ricrado Enrique Bochini a Belgrano de C\u00f3rdoba a las 18hs. Independiente viene de una semana muy movida debido a la colecta que est\u00e1 desarrollando el influencer Santi <a class=\"mh-excerpt-more\" href=\"https:\/\/www.masrojo.com.ar\/home\/2023\/04\/30\/camino-a-enfrentarse-a-belgrano\/\" title=\"Camino a enfrentarse a Belgrano\">[&#8230;]<\/a><\/p>\n<\/div>","protected":false},"author":6,"featured_media":66920,"comment_status":"closed","ping_status":"closed","sticky":false,"template":"","format":"standard","meta":{"_jetpack_memberships_contains_paid_content":false,"footnotes":"","jetpack_publicize_message":"","jetpack_publicize_feature_enabled":true,"jetpack_social_post_already_shared":true,"jetpack_social_options":{"image_generator_settings":{"template":"highway","enabled":false},"version":2}},"categories":[4],"tags":[],"class_list":{"0":"post-67266","1":"post","2":"type-post","3":"status-publish","4":"format-standard","5":"has-post-thumbnail","7":"category-actualidad"},"jetpack_publicize_connections":[],"jetpack_sharing_enabled":true,"jetpack_featured_media_url":"https:\/\/i0.wp.com\/www.masrojo.com.ar\/home\/wp-content\/uploads\/cauteruccio-indepte.jpg?fit=2048%2C1365&ssl=1","jetpack_shortlink":"https:\/\/wp.me\/p90W9F-huW","_links":{"self":[{"href":"https:\/\/www.masrojo.com.ar\/home\/wp-json\/wp\/v2\/posts\/67266"}],"collection":[{"href":"https:\/\/www.masrojo.com.ar\/home\/wp-json\/wp\/v2\/posts"}],"about":[{"href":"https:\/\/www.masrojo.com.ar\/home\/wp-json\/wp\/v2\/types\/post"}],"author":[{"embeddable":true,"href":"https:\/\/www.masrojo.com.ar\/home\/wp-json\/wp\/v2\/users\/6"}],"replies":[{"embeddable":true,"href":"https:\/\/www.masrojo.com.ar\/home\/wp-json\/wp\/v2\/comments?post=67266"}],"version-history":[{"count":1,"href":"https:\/\/www.masrojo.com.ar\/home\/wp-json\/wp\/v2\/posts\/67266\/revisions"}],"predecessor-version":[{"id":67268,"href":"https:\/\/www.masrojo.com.ar\/home\/wp-json\/wp\/v2\/posts\/67266\/revisions\/67268"}],"wp:featuredmedia":[{"embeddable":true,"href":"https:\/\/www.masrojo.com.ar\/home\/wp-json\/wp\/v2\/media\/66920"}],"wp:attachment":[{"href":"https:\/\/www.masrojo.com.ar\/home\/wp-json\/wp\/v2\/media?parent=67266"}],"wp:term":[{"taxonomy":"category","embeddable":true,"href":"https:\/\/www.masrojo.com.ar\/home\/wp-json\/wp\/v2\/categories?post=67266"},{"taxonomy":"post_tag","embeddable":true,"href":"https:\/\/www.masrojo.com.ar\/home\/wp-json\/wp\/v2\/tags?post=67266"}],"curies":[{"name":"wp","href":"https:\/\/api.w.org\/{rel}","templated":true}]}}