{"id":67387,"date":"2023-05-03T16:40:10","date_gmt":"2023-05-03T19:40:10","guid":{"rendered":"https:\/\/www.masrojo.com.ar\/home\/?p=67387"},"modified":"2023-05-30T20:51:24","modified_gmt":"2023-05-30T23:51:24","slug":"gimenez-con-la-mayoria-de-mis-companeros-donamos-a-la-colecta","status":"publish","type":"post","link":"https:\/\/www.masrojo.com.ar\/home\/2023\/05\/03\/gimenez-con-la-mayoria-de-mis-companeros-donamos-a-la-colecta\/","title":{"rendered":"Gim\u00e9nez: \u00abCon la mayor\u00eda de mis compa\u00f1eros donamos a la colecta\u00bb"},"content":{"rendered":"<p>Mat\u00edas Gim\u00e9nez Rojas, uno de los delanteros de\u00a0Independiente, habl\u00f3 sobre la participaci\u00f3n de \u00e9l y sus compa\u00f1eros a la colecta liderada por Santi Maratea\u00a0para saldar las deudas que tiene el club, este mediod\u00eda en una entrevista con el programa C\u00f3mo Te Va en D Sports Radio.<\/p>\n<p><i>\u00abCon la mayor\u00eda de mis compa\u00f1eros donamos a la colecta, pero por parte nuestra. Nadie nos oblig\u00f3. Tenemos que aportar nuestro granito de arena. Lo de Maratea ayud\u00f3 un mont\u00f3n. Tenemos que dejar todo el fin de semana en la cancha porque la gente deja muchas cosas de lado\u00bb<\/i>.<\/p>\n<p>En lo interno del grupo, destac\u00f3 que se sienten mejor en lo an\u00edmico, que es para sacarse que sombrero con el hincha de Independiente y que el fin se semana llovi\u00f3, hac\u00eda fr\u00edo y la cancha estaba llena. Tambi\u00e9n, a\u00f1adi\u00f3 que luego de la derrota con River les llegaron a los futbolistas mucho mensajes de apoyo y de aliento de que iban a salir adelante.<\/p>\n<p>\u00ab<i>Zielinski nos dio confianza y nos toc\u00f3 el tema de la actitud. Hab\u00edamos perdido confianza\u00a0y se notaba en la actitud de cuando nos hac\u00edan un gol nos ca\u00edmos muy r\u00e1pido. Es donde m\u00e1s trabaj\u00f3<\/i>\u00ab.<\/p>\n<p><i>\u00abNo me est\u00e1 tocando hacer goles, pero intento ayudar al equipo desde otro lado que es el sacrificio. Independiente est\u00e1 adelante de todo as\u00ed que ojal\u00e1 podamos mantener lo que hicimos el fin de semana. Cuando sali\u00f3 lo de Independiente no dud\u00e9 en venir. Mucha gente me dec\u00eda que no venga, pero cada vez que entro a la cancha se me infla el pecho<\/i>\u00ab.<\/p>\n<p>&nbsp;<\/p>\n","protected":false},"excerpt":{"rendered":"<div class=\"mh-excerpt\"><p>Mat\u00edas Gim\u00e9nez Rojas, uno de los delanteros de\u00a0Independiente, habl\u00f3 sobre la participaci\u00f3n de \u00e9l y sus compa\u00f1eros a la colecta liderada por Santi Maratea\u00a0para saldar las deudas que tiene el club, este mediod\u00eda en una <a class=\"mh-excerpt-more\" href=\"https:\/\/www.masrojo.com.ar\/home\/2023\/05\/03\/gimenez-con-la-mayoria-de-mis-companeros-donamos-a-la-colecta\/\" title=\"Gim\u00e9nez: \u00abCon la mayor\u00eda de mis compa\u00f1eros donamos a la colecta\u00bb\">[&#8230;]<\/a><\/p>\n<\/div>","protected":false},"author":6,"featured_media":67404,"comment_status":"closed","ping_status":"closed","sticky":false,"template":"","format":"image","meta":{"_jetpack_memberships_contains_paid_content":false,"footnotes":"","jetpack_publicize_message":"","jetpack_publicize_feature_enabled":true,"jetpack_social_post_already_shared":true,"jetpack_social_options":{"image_generator_settings":{"template":"highway","enabled":false},"version":2}},"categories":[4],"tags":[1130],"class_list":{"0":"post-67387","1":"post","2":"type-post","3":"status-publish","4":"format-image","5":"has-post-thumbnail","7":"category-actualidad","8":"tag-matias-gimenez","9":"post_format-post-format-image"},"jetpack_publicize_connections":[],"jetpack_sharing_enabled":true,"jetpack_featured_media_url":"https:\/\/i0.wp.com\/www.masrojo.com.ar\/home\/wp-content\/uploads\/MG-2.jpg?fit=1200%2C615&ssl=1","jetpack_shortlink":"https:\/\/wp.me\/p90W9F-hwT","_links":{"self":[{"href":"https:\/\/www.masrojo.com.ar\/home\/wp-json\/wp\/v2\/posts\/67387"}],"collection":[{"href":"https:\/\/www.masrojo.com.ar\/home\/wp-json\/wp\/v2\/posts"}],"about":[{"href":"https:\/\/www.masrojo.com.ar\/home\/wp-json\/wp\/v2\/types\/post"}],"author":[{"embeddable":true,"href":"https:\/\/www.masrojo.com.ar\/home\/wp-json\/wp\/v2\/users\/6"}],"replies":[{"embeddable":true,"href":"https:\/\/www.masrojo.com.ar\/home\/wp-json\/wp\/v2\/comments?post=67387"}],"version-history":[{"count":2,"href":"https:\/\/www.masrojo.com.ar\/home\/wp-json\/wp\/v2\/posts\/67387\/revisions"}],"predecessor-version":[{"id":67403,"href":"https:\/\/www.masrojo.com.ar\/home\/wp-json\/wp\/v2\/posts\/67387\/revisions\/67403"}],"wp:featuredmedia":[{"embeddable":true,"href":"https:\/\/www.masrojo.com.ar\/home\/wp-json\/wp\/v2\/media\/67404"}],"wp:attachment":[{"href":"https:\/\/www.masrojo.com.ar\/home\/wp-json\/wp\/v2\/media?parent=67387"}],"wp:term":[{"taxonomy":"category","embeddable":true,"href":"https:\/\/www.masrojo.com.ar\/home\/wp-json\/wp\/v2\/categories?post=67387"},{"taxonomy":"post_tag","embeddable":true,"href":"https:\/\/www.masrojo.com.ar\/home\/wp-json\/wp\/v2\/tags?post=67387"}],"curies":[{"name":"wp","href":"https:\/\/api.w.org\/{rel}","templated":true}]}}