{"id":67396,"date":"2023-05-04T11:21:04","date_gmt":"2023-05-04T14:21:04","guid":{"rendered":"https:\/\/www.masrojo.com.ar\/home\/?p=67396"},"modified":"2023-05-30T20:51:34","modified_gmt":"2023-05-30T23:51:34","slug":"la-movida-de-cauteruccio","status":"publish","type":"post","link":"https:\/\/www.masrojo.com.ar\/home\/2023\/05\/04\/la-movida-de-cauteruccio\/","title":{"rendered":"LA MOVIDA DE CAUTERUCCIO"},"content":{"rendered":"<p class=\"description\">El delantero confirm\u00f3 que la casaca ser\u00e1 firmada por todo el plantel y ser\u00e1 para uno de todos los que aportaron en la colecta de Santiago Maratea.<\/p>\n<div class=\"article-info\">\n<div class=\"article-info-left\">\n<div class=\"article-autor-info\">\n<div class=\"article-autor-name\">\n<p class=\"capital\">El delantero de<b>\u00a0Independiente Mart\u00edn Cauteruccio<\/b>\u00a0confirm\u00f3 que sortear\u00e1 su camiseta, firmada por todo el plantel,\u00a0<b>entre quienes hayan aportado en la colecta de Santiago Maratea<\/b>\u00a0para juntar dinero con el fin de que el Rojo pueda saldar sus deudas.<\/p>\n<div data-google-query-id=\"CMKs7K_t2_4CFcBKuAQd9YwM8A\">\n<p><i><b>\u00abNosotros hemos participado, no solo desde la palabra, sino que tambi\u00e9n hemos aportado al igual que nuestros familiares y gente que trabaja en el club. Se nos ocurri\u00f3 sortear mi camiseta entre todos los que quieran y hayan participado de la colecta\u00bb<\/b><\/i>, anunci\u00f3 el atacante en declaraciones a Fox Sports.<\/p>\n<p>A su vez, luego de eso profundiz\u00f3 en su cuenta de Twitter:<i><b>\u00a0\u00abPara los que me siguen que hayan participado de la colecta y los que quieran seguir aportando, voy a estar sortear mi camiseta autografiada por el plantel en unos d\u00edas por mis redes\u00bb<\/b><\/i>.<\/p>\n<\/div>\n<\/div>\n<\/div>\n<\/div>\n<\/div>\n<blockquote class=\"twitter-tweet\">\n<p lang=\"es\" dir=\"ltr\"><a href=\"https:\/\/twitter.com\/hashtag\/LaVueltaFoxSports?src=hash&amp;ref_src=twsrc%5Etfw\">#LaVueltaFoxSports<\/a> | El Rojo ya junt\u00f3 m\u00e1s de $700 millones y <a href=\"https:\/\/twitter.com\/mcaute7?ref_src=twsrc%5Etfw\">@mcaute7<\/a> confirm\u00f3 que sortear\u00e1 su camiseta entre los aportantes.<\/p>\n<p>Sumate al ciclo del <a href=\"https:\/\/twitter.com\/polloalvarezok?ref_src=twsrc%5Etfw\">@polloalvarezok<\/a> en <a href=\"https:\/\/twitter.com\/hashtag\/FoxSportsArgentina?src=hash&amp;ref_src=twsrc%5Etfw\">#FoxSportsArgentina<\/a> <a href=\"https:\/\/t.co\/6Yfhw62WyY\">pic.twitter.com\/6Yfhw62WyY<\/a><\/p>\n<p>&mdash; Fox Sports Argentina (@FOXSportsArg) <a href=\"https:\/\/twitter.com\/FOXSportsArg\/status\/1653874001477877763?ref_src=twsrc%5Etfw\">May 3, 2023<\/a><\/p><\/blockquote>\n<p> <script async src=\"https:\/\/platform.twitter.com\/widgets.js\" charset=\"utf-8\"><\/script><\/p>\n","protected":false},"excerpt":{"rendered":"<div class=\"mh-excerpt\"><p>El delantero confirm\u00f3 que la casaca ser\u00e1 firmada por todo el plantel y ser\u00e1 para uno de todos los que aportaron en la colecta de Santiago Maratea. El delantero de\u00a0Independiente Mart\u00edn Cauteruccio\u00a0confirm\u00f3 que sortear\u00e1 su <a class=\"mh-excerpt-more\" href=\"https:\/\/www.masrojo.com.ar\/home\/2023\/05\/04\/la-movida-de-cauteruccio\/\" title=\"LA MOVIDA DE CAUTERUCCIO\">[&#8230;]<\/a><\/p>\n<\/div>","protected":false},"author":6,"featured_media":65996,"comment_status":"closed","ping_status":"closed","sticky":false,"template":"","format":"video","meta":{"_jetpack_memberships_contains_paid_content":false,"footnotes":"","jetpack_publicize_message":"","jetpack_publicize_feature_enabled":true,"jetpack_social_post_already_shared":true,"jetpack_social_options":{"image_generator_settings":{"template":"highway","enabled":false},"version":2}},"categories":[4],"tags":[],"class_list":{"0":"post-67396","1":"post","2":"type-post","3":"status-publish","4":"format-video","5":"has-post-thumbnail","7":"category-actualidad","8":"post_format-post-format-video"},"jetpack_publicize_connections":[],"jetpack_sharing_enabled":true,"jetpack_featured_media_url":"https:\/\/i0.wp.com\/www.masrojo.com.ar\/home\/wp-content\/uploads\/cauteruccioo.jpg?fit=2048%2C1365&ssl=1","jetpack_shortlink":"https:\/\/wp.me\/p90W9F-hx2","_links":{"self":[{"href":"https:\/\/www.masrojo.com.ar\/home\/wp-json\/wp\/v2\/posts\/67396"}],"collection":[{"href":"https:\/\/www.masrojo.com.ar\/home\/wp-json\/wp\/v2\/posts"}],"about":[{"href":"https:\/\/www.masrojo.com.ar\/home\/wp-json\/wp\/v2\/types\/post"}],"author":[{"embeddable":true,"href":"https:\/\/www.masrojo.com.ar\/home\/wp-json\/wp\/v2\/users\/6"}],"replies":[{"embeddable":true,"href":"https:\/\/www.masrojo.com.ar\/home\/wp-json\/wp\/v2\/comments?post=67396"}],"version-history":[{"count":1,"href":"https:\/\/www.masrojo.com.ar\/home\/wp-json\/wp\/v2\/posts\/67396\/revisions"}],"predecessor-version":[{"id":67402,"href":"https:\/\/www.masrojo.com.ar\/home\/wp-json\/wp\/v2\/posts\/67396\/revisions\/67402"}],"wp:featuredmedia":[{"embeddable":true,"href":"https:\/\/www.masrojo.com.ar\/home\/wp-json\/wp\/v2\/media\/65996"}],"wp:attachment":[{"href":"https:\/\/www.masrojo.com.ar\/home\/wp-json\/wp\/v2\/media?parent=67396"}],"wp:term":[{"taxonomy":"category","embeddable":true,"href":"https:\/\/www.masrojo.com.ar\/home\/wp-json\/wp\/v2\/categories?post=67396"},{"taxonomy":"post_tag","embeddable":true,"href":"https:\/\/www.masrojo.com.ar\/home\/wp-json\/wp\/v2\/tags?post=67396"}],"curies":[{"name":"wp","href":"https:\/\/api.w.org\/{rel}","templated":true}]}}