{"id":67470,"date":"2023-05-06T09:50:00","date_gmt":"2023-05-06T12:50:00","guid":{"rendered":"https:\/\/www.masrojo.com.ar\/home\/?p=67470"},"modified":"2023-05-30T20:51:42","modified_gmt":"2023-05-30T23:51:42","slug":"se-cayo-la-opereta","status":"publish","type":"post","link":"https:\/\/www.masrojo.com.ar\/home\/2023\/05\/06\/se-cayo-la-opereta\/","title":{"rendered":"SE CAY\u00d3 LA OPERETA"},"content":{"rendered":"<p style=\"text-align: justify;\">Luego de una semana a pura operaci\u00f3n med\u00edatica, encabezada por el grupo Indalo, C5N y el medio Doble Amarilla, finalmente, la opereta berreta lleg\u00f3 a su fin.<\/p>\n<p style=\"text-align: justify;\">En las voces de los per\u00edodostas Pablo Duggan y Nacho Genovart sumado, se arm\u00f3 toda una operaci\u00f3n medi\u00e1tica para que la AFIP y La IGJ realizaran una investigaci\u00f3n sobre la colecta de Maratea, lo cual no est\u00e1 mal, todo debe ser legal. Pero qued\u00f3 en evidencia una operaci\u00f3n armada y orquestada al punto de que dichos periodistas mencionaron al titular de la IGJ, un hombre \u00edntimamente vinculado a M\u00e1ximo Kirchner.<\/p>\n<p style=\"text-align: justify;\">En el marco de la millonaria colecta que lleva a<strong>\u00a0cabo el influencer Santi Maratea para cubrir la deuda del club Independiente hab\u00edan presentado una denuncia judicial en Comodoro Py<\/strong>\u00a0por una \u00absupuesta defraudaci\u00f3n en sus colectas\u00bb.<\/p>\n<p><img data-recalc-dims=\"1\" loading=\"lazy\" decoding=\"async\" class=\"aligncenter size-full wp-image-67471\" src=\"https:\/\/i0.wp.com\/www.masrojo.com.ar\/home\/wp-content\/uploads\/opereta.jpg?resize=1025%2C564&#038;ssl=1\" alt=\"\" width=\"1025\" height=\"564\" srcset=\"https:\/\/i0.wp.com\/www.masrojo.com.ar\/home\/wp-content\/uploads\/opereta.jpg?w=1025&amp;ssl=1 1025w, https:\/\/i0.wp.com\/www.masrojo.com.ar\/home\/wp-content\/uploads\/opereta.jpg?resize=300%2C165&amp;ssl=1 300w, https:\/\/i0.wp.com\/www.masrojo.com.ar\/home\/wp-content\/uploads\/opereta.jpg?resize=768%2C423&amp;ssl=1 768w\" sizes=\"(max-width: 1000px) 100vw, 1000px\" \/><\/p>\n<div id=\"mow-display-general-242459420815890\">\n<div id=\"mow-dsb-576231241205683\" data-google-query-id=\"CMD1nrLZ4P4CFaYfuQYdRzUGOw\">\n<p style=\"text-align: justify;\"><span style=\"color: #ff0000;\">El juez federal Lijo\u00a0<strong>desestim\u00f3 la realizada denuncia por el abogado Fernando Miguez<\/strong><\/span>, pero dio intervenci\u00f3n a la UIF Y AFIP para que eval\u00fae las actividades de Maratea.<\/p>\n<p style=\"text-align: justify;\">\u00abEl titular del Ministerio P\u00fablico Fiscal luego de analizar la denuncia realizada ante este juzgado por M\u00edguez y la documentaci\u00f3n obrante,<strong>\u00a0requiri\u00f3 la desestimaci\u00f3n de la causa por no reunir los requisitos previstos por el art\u00edculo 176 del C\u00f3digo Procesal Penal<\/strong>\u00ab, explic\u00f3 Lijo.<\/p>\n<p style=\"text-align: justify;\">Ese art\u00edculo establece que \u00abla denuncia deber\u00e1 contener, en cuanto fuere posible, la relaci\u00f3n del hecho, con las circunstancias del lugar, tiempo y modo de ejecuci\u00f3n, y la indicaci\u00f3n de sus part\u00edcipes, damnificados, testigos y dem\u00e1s elementos que puedan conducir a su comprobaci\u00f3n y calificaci\u00f3n legal\u00bb.<\/p>\n<\/div>\n<\/div>\n","protected":false},"excerpt":{"rendered":"<div class=\"mh-excerpt\"><p>Luego de una semana a pura operaci\u00f3n med\u00edatica, encabezada por el grupo Indalo, C5N y el medio Doble Amarilla, finalmente, la opereta berreta lleg\u00f3 a su fin. En las voces de los per\u00edodostas Pablo Duggan <a class=\"mh-excerpt-more\" href=\"https:\/\/www.masrojo.com.ar\/home\/2023\/05\/06\/se-cayo-la-opereta\/\" title=\"SE CAY\u00d3 LA OPERETA\">[&#8230;]<\/a><\/p>\n<\/div>","protected":false},"author":6,"featured_media":67471,"comment_status":"closed","ping_status":"closed","sticky":false,"template":"","format":"image","meta":{"_jetpack_memberships_contains_paid_content":false,"footnotes":"","jetpack_publicize_message":"","jetpack_publicize_feature_enabled":true,"jetpack_social_post_already_shared":true,"jetpack_social_options":{"image_generator_settings":{"template":"highway","enabled":false},"version":2}},"categories":[4],"tags":[],"class_list":{"0":"post-67470","1":"post","2":"type-post","3":"status-publish","4":"format-image","5":"has-post-thumbnail","7":"category-actualidad","8":"post_format-post-format-image"},"jetpack_publicize_connections":[],"jetpack_sharing_enabled":true,"jetpack_featured_media_url":"https:\/\/i0.wp.com\/www.masrojo.com.ar\/home\/wp-content\/uploads\/opereta.jpg?fit=1025%2C564&ssl=1","jetpack_shortlink":"https:\/\/wp.me\/p90W9F-hye","_links":{"self":[{"href":"https:\/\/www.masrojo.com.ar\/home\/wp-json\/wp\/v2\/posts\/67470"}],"collection":[{"href":"https:\/\/www.masrojo.com.ar\/home\/wp-json\/wp\/v2\/posts"}],"about":[{"href":"https:\/\/www.masrojo.com.ar\/home\/wp-json\/wp\/v2\/types\/post"}],"author":[{"embeddable":true,"href":"https:\/\/www.masrojo.com.ar\/home\/wp-json\/wp\/v2\/users\/6"}],"replies":[{"embeddable":true,"href":"https:\/\/www.masrojo.com.ar\/home\/wp-json\/wp\/v2\/comments?post=67470"}],"version-history":[{"count":3,"href":"https:\/\/www.masrojo.com.ar\/home\/wp-json\/wp\/v2\/posts\/67470\/revisions"}],"predecessor-version":[{"id":67536,"href":"https:\/\/www.masrojo.com.ar\/home\/wp-json\/wp\/v2\/posts\/67470\/revisions\/67536"}],"wp:featuredmedia":[{"embeddable":true,"href":"https:\/\/www.masrojo.com.ar\/home\/wp-json\/wp\/v2\/media\/67471"}],"wp:attachment":[{"href":"https:\/\/www.masrojo.com.ar\/home\/wp-json\/wp\/v2\/media?parent=67470"}],"wp:term":[{"taxonomy":"category","embeddable":true,"href":"https:\/\/www.masrojo.com.ar\/home\/wp-json\/wp\/v2\/categories?post=67470"},{"taxonomy":"post_tag","embeddable":true,"href":"https:\/\/www.masrojo.com.ar\/home\/wp-json\/wp\/v2\/tags?post=67470"}],"curies":[{"name":"wp","href":"https:\/\/api.w.org\/{rel}","templated":true}]}}