{"id":67555,"date":"2023-05-08T15:55:24","date_gmt":"2023-05-08T18:55:24","guid":{"rendered":"https:\/\/www.masrojo.com.ar\/home\/?p=67555"},"modified":"2023-05-30T20:51:41","modified_gmt":"2023-05-30T23:51:41","slug":"santi-lopez-convirtio-y-fue-figura","status":"publish","type":"post","link":"https:\/\/www.masrojo.com.ar\/home\/2023\/05\/08\/santi-lopez-convirtio-y-fue-figura\/","title":{"rendered":"Santi L\u00f3pez convirti\u00f3 y fue figura"},"content":{"rendered":"<p>Esta ma\u00f1ana, Independiente venci\u00f3\u00a0 1 a 0 a Comunicaciones en un entrenamiento en Villa Dom\u00ednico con un gol del juvenil Santiago L\u00f3pez y una asistencia de Mart\u00edn Sarrafiore, con una formaci\u00f3n con los que no jugaron el s\u00e1bado en el empate ante Argentinos Juniors por la Liga Profesional.<\/p>\n<p>El Rojo form\u00f3 con Diego\u00a0Segovia; Patricio\u00a0Ostachuk, Joaqu\u00edn\u00a0Laso, Edgar\u00a0Elizalde, Dami\u00e1n\u00a0P\u00e9rez; Luciano\u00a0G\u00f3mez, Kevin\u00a0L\u00f3pez, Mart\u00edn\u00a0Sarrafiore, Nicol\u00e1s\u00a0Vallejo; Mauricio\u00a0Cuero\u00a0y Santiago\u00a0L\u00f3pez. Por lo tanto, tambi\u00e9n integraron el equipo quienes sumaron algunos minutos el s\u00e1bado ante Argentinos.<\/p>\n<p>El gol de Independiente lleg\u00f3 tras una habilitaci\u00f3n desde la mitad de la cancha a Santiago L\u00f3pez, quien qued\u00f3 mano a mano con el arquero y con la pelota picando la pas\u00f3 por arriba del arquero de Comunicaciones. Luego de esto, el plantel volver\u00e1 a los entrenamientos ma\u00f1ana y realizar\u00e1 doble turno de cara al partido contra Tigre del s\u00e1bado a las 15.30.<\/p>\n<p>Santiago L\u00f3pez es una de las grandes figuras del equipo dirigido por Diego Placente, que adem\u00e1s logr\u00f3 el principal objetivo de la competici\u00f3n que era clasificarse al Mundial Sub-17. L\u00f3pez fue titular en la mayor\u00eda de los encuentros de la Selecci\u00f3n Argentina Sub-17, y logr\u00f3 marcar cuatro goles. El juvenil tiene apenas 16 a\u00f1os, firm\u00f3 contrato con el club hasta diciembre de 2024 y cuenta con una cl\u00e1usula de salida de 15 millones de d\u00f3lares.<\/p>\n<p>En este sentido, el entrenador de Independiente Ricardo Zielinski habl\u00f3 en conferencia de prensa hace dos semanas sobre el futuro de L\u00f3pez y sorprendi\u00f3:<i>\u00a0\u00abCuando vuelva Santi L\u00f3pez va a entrenar con nosotros. Queremos ganarle a\u00f1os y que no debute a los 23 a\u00f1os. Posiblemente le demos una semana con la familia y despu\u00e9s se sume<\/i>\u00ab, afirm\u00f3 el Ruso.<\/p>\n","protected":false},"excerpt":{"rendered":"<div class=\"mh-excerpt\"><p>Esta ma\u00f1ana, Independiente venci\u00f3\u00a0 1 a 0 a Comunicaciones en un entrenamiento en Villa Dom\u00ednico con un gol del juvenil Santiago L\u00f3pez y una asistencia de Mart\u00edn Sarrafiore, con una formaci\u00f3n con los que no <a class=\"mh-excerpt-more\" href=\"https:\/\/www.masrojo.com.ar\/home\/2023\/05\/08\/santi-lopez-convirtio-y-fue-figura\/\" title=\"Santi L\u00f3pez convirti\u00f3 y fue figura\">[&#8230;]<\/a><\/p>\n<\/div>","protected":false},"author":6,"featured_media":67556,"comment_status":"closed","ping_status":"closed","sticky":false,"template":"","format":"standard","meta":{"_jetpack_memberships_contains_paid_content":false,"footnotes":"","jetpack_publicize_message":"","jetpack_publicize_feature_enabled":true,"jetpack_social_post_already_shared":true,"jetpack_social_options":{"image_generator_settings":{"template":"highway","enabled":false},"version":2}},"categories":[4,16],"tags":[1132],"class_list":{"0":"post-67555","1":"post","2":"type-post","3":"status-publish","4":"format-standard","5":"has-post-thumbnail","7":"category-actualidad","8":"category-inferiores","9":"tag-santiago-lopez"},"jetpack_publicize_connections":[],"jetpack_sharing_enabled":true,"jetpack_featured_media_url":"https:\/\/i0.wp.com\/www.masrojo.com.ar\/home\/wp-content\/uploads\/santi-lopez.jpg?fit=1200%2C800&ssl=1","jetpack_shortlink":"https:\/\/wp.me\/p90W9F-hzB","_links":{"self":[{"href":"https:\/\/www.masrojo.com.ar\/home\/wp-json\/wp\/v2\/posts\/67555"}],"collection":[{"href":"https:\/\/www.masrojo.com.ar\/home\/wp-json\/wp\/v2\/posts"}],"about":[{"href":"https:\/\/www.masrojo.com.ar\/home\/wp-json\/wp\/v2\/types\/post"}],"author":[{"embeddable":true,"href":"https:\/\/www.masrojo.com.ar\/home\/wp-json\/wp\/v2\/users\/6"}],"replies":[{"embeddable":true,"href":"https:\/\/www.masrojo.com.ar\/home\/wp-json\/wp\/v2\/comments?post=67555"}],"version-history":[{"count":1,"href":"https:\/\/www.masrojo.com.ar\/home\/wp-json\/wp\/v2\/posts\/67555\/revisions"}],"predecessor-version":[{"id":67557,"href":"https:\/\/www.masrojo.com.ar\/home\/wp-json\/wp\/v2\/posts\/67555\/revisions\/67557"}],"wp:featuredmedia":[{"embeddable":true,"href":"https:\/\/www.masrojo.com.ar\/home\/wp-json\/wp\/v2\/media\/67556"}],"wp:attachment":[{"href":"https:\/\/www.masrojo.com.ar\/home\/wp-json\/wp\/v2\/media?parent=67555"}],"wp:term":[{"taxonomy":"category","embeddable":true,"href":"https:\/\/www.masrojo.com.ar\/home\/wp-json\/wp\/v2\/categories?post=67555"},{"taxonomy":"post_tag","embeddable":true,"href":"https:\/\/www.masrojo.com.ar\/home\/wp-json\/wp\/v2\/tags?post=67555"}],"curies":[{"name":"wp","href":"https:\/\/api.w.org\/{rel}","templated":true}]}}