{"id":67845,"date":"2023-05-18T20:00:46","date_gmt":"2023-05-18T23:00:46","guid":{"rendered":"https:\/\/www.masrojo.com.ar\/home\/?p=67845"},"modified":"2023-05-30T20:51:24","modified_gmt":"2023-05-30T23:51:24","slug":"grindetti-sera-el-precandidato-de-bullrich-en-la-provincia-de-buenos-aires","status":"publish","type":"post","link":"https:\/\/www.masrojo.com.ar\/home\/2023\/05\/18\/grindetti-sera-el-precandidato-de-bullrich-en-la-provincia-de-buenos-aires\/","title":{"rendered":"Grindetti ser\u00e1 el precandidato de Bullrich en la Provincia de Buenos Aires"},"content":{"rendered":"<p><b>N\u00e9stor Grindetti,<\/b>\u00a0el presidente interino de Independiente, fue elegido por Patricia Bullrich, la precandidata a presidente de Juntos por el Cambio, para ser su p<b>recandidato a gobernador de la Provincia de Buenos Aires\u00a0<\/b>en las elecciones Primarias Abiertas, Simult\u00e1neas y Obligatorias que ser\u00e1n el 13 de agosto, seg\u00fan public\u00f3 la pol\u00edtica en sus redes sociales.<\/p>\n<p><b>Esta f\u00f3rmula competir\u00e1 con Diego Santilli, el hombre electo por Horacio Rodr\u00edguez Larreta para acompa\u00f1arlo en su boleta.\u00a0<\/b>Por lo tanto, esta decisi\u00f3n genera un interrogante con respecto a la continuidad de Grindetti como presidente del Rojo, quien por la renuncia de Fabi\u00e1n Doman asumi\u00f3 a este cargo como interino por un plazo m\u00e1ximo de 90 d\u00edas hasta que se decida en una Asamblea qui\u00e9n presidir\u00e1 el club definitivamente.<\/p>\n<p>En tanto, la Asamblea se realizar\u00eda a mediados de junio y all\u00ed se realizar\u00e1 una elecci\u00f3n entre los directivos.\u00a0<b>A pesar de que no hubo una comunicaci\u00f3n oficial de qui\u00e9nes son los candidatos, todo indicar\u00eda que no saldr\u00e1 de Grindetti, Daniel Seoane o Juan Marconi.<\/b><\/p>\n<p>&nbsp;<\/p>\n<p><i><b>\u00abN\u00e9stor Grindetti ser\u00e1 mi precandidato a gobernador de la provincia de Buenos Aires. Como intendente de Lan\u00fas<\/b>, N\u00e9stor vio de cerca la destrucci\u00f3n y la pobreza que generaron dos d\u00e9cadas de populismo y corrupci\u00f3n kirchnerista en el conurbano. Con decisi\u00f3n y gesti\u00f3n, luch\u00f3 contra el narcotr\u00e1fico, puso orden y mejor\u00f3 la vida de muchos bonaerenses. No tengo dudas de que ser\u00e1 un gran gobernador que cambiar\u00e1 la provincia<\/i>\u00ab, public\u00f3 Bullrich en sus redes sociales.<\/p>\n<div class=\"watchto-wrap\" data-mrf-recirculation=\"Intext Widget\">\n<div class=\"watchto\"><\/div>\n<\/div>\n","protected":false},"excerpt":{"rendered":"<div class=\"mh-excerpt\"><p>N\u00e9stor Grindetti,\u00a0el presidente interino de Independiente, fue elegido por Patricia Bullrich, la precandidata a presidente de Juntos por el Cambio, para ser su precandidato a gobernador de la Provincia de Buenos Aires\u00a0en las elecciones Primarias <a class=\"mh-excerpt-more\" href=\"https:\/\/www.masrojo.com.ar\/home\/2023\/05\/18\/grindetti-sera-el-precandidato-de-bullrich-en-la-provincia-de-buenos-aires\/\" title=\"Grindetti ser\u00e1 el precandidato de Bullrich en la Provincia de Buenos Aires\">[&#8230;]<\/a><\/p>\n<\/div>","protected":false},"author":6,"featured_media":67842,"comment_status":"closed","ping_status":"closed","sticky":false,"template":"","format":"image","meta":{"_jetpack_memberships_contains_paid_content":false,"footnotes":"","jetpack_publicize_message":"","jetpack_publicize_feature_enabled":true,"jetpack_social_post_already_shared":true,"jetpack_social_options":{"image_generator_settings":{"template":"highway","enabled":false},"version":2}},"categories":[4],"tags":[],"class_list":{"0":"post-67845","1":"post","2":"type-post","3":"status-publish","4":"format-image","5":"has-post-thumbnail","7":"category-actualidad","8":"post_format-post-format-image"},"jetpack_publicize_connections":[],"jetpack_sharing_enabled":true,"jetpack_featured_media_url":"https:\/\/i0.wp.com\/www.masrojo.com.ar\/home\/wp-content\/uploads\/NG-2.jpg?fit=1920%2C1080&ssl=1","jetpack_shortlink":"https:\/\/wp.me\/p90W9F-hEh","_links":{"self":[{"href":"https:\/\/www.masrojo.com.ar\/home\/wp-json\/wp\/v2\/posts\/67845"}],"collection":[{"href":"https:\/\/www.masrojo.com.ar\/home\/wp-json\/wp\/v2\/posts"}],"about":[{"href":"https:\/\/www.masrojo.com.ar\/home\/wp-json\/wp\/v2\/types\/post"}],"author":[{"embeddable":true,"href":"https:\/\/www.masrojo.com.ar\/home\/wp-json\/wp\/v2\/users\/6"}],"replies":[{"embeddable":true,"href":"https:\/\/www.masrojo.com.ar\/home\/wp-json\/wp\/v2\/comments?post=67845"}],"version-history":[{"count":1,"href":"https:\/\/www.masrojo.com.ar\/home\/wp-json\/wp\/v2\/posts\/67845\/revisions"}],"predecessor-version":[{"id":67846,"href":"https:\/\/www.masrojo.com.ar\/home\/wp-json\/wp\/v2\/posts\/67845\/revisions\/67846"}],"wp:featuredmedia":[{"embeddable":true,"href":"https:\/\/www.masrojo.com.ar\/home\/wp-json\/wp\/v2\/media\/67842"}],"wp:attachment":[{"href":"https:\/\/www.masrojo.com.ar\/home\/wp-json\/wp\/v2\/media?parent=67845"}],"wp:term":[{"taxonomy":"category","embeddable":true,"href":"https:\/\/www.masrojo.com.ar\/home\/wp-json\/wp\/v2\/categories?post=67845"},{"taxonomy":"post_tag","embeddable":true,"href":"https:\/\/www.masrojo.com.ar\/home\/wp-json\/wp\/v2\/tags?post=67845"}],"curies":[{"name":"wp","href":"https:\/\/api.w.org\/{rel}","templated":true}]}}