{"id":67925,"date":"2023-05-21T21:20:51","date_gmt":"2023-05-22T00:20:51","guid":{"rendered":"https:\/\/www.masrojo.com.ar\/home\/?p=67925"},"modified":"2023-05-30T20:51:24","modified_gmt":"2023-05-30T23:51:24","slug":"grindetti-estoy-dispuesto-a-seguir-como-presidente-de-independiente","status":"publish","type":"post","link":"https:\/\/www.masrojo.com.ar\/home\/2023\/05\/21\/grindetti-estoy-dispuesto-a-seguir-como-presidente-de-independiente\/","title":{"rendered":"Grindetti: \u00abEstoy dispuesto a seguir como presidente de Independiente\u00bb"},"content":{"rendered":"<p style=\"text-align: justify;\">El dirigente, quien ser\u00e1 precandidato a gobernador de la Provincia de Buenos Aires, cont\u00f3 de qu\u00e9 depende la posibilidad de que pueda seguir al frente del club de Avellaneda.<\/p>\n<p>El jueves pasado, Patricia Bullrich confirm\u00f3 a N\u00e9stor Grindetti como su precandidato a gobernador por la provincia de Buenos Aires. El hombre de 68, socio fundador del PRO, se encontraba al frente del Rojo desde que Fabi\u00e1n Doman present\u00f3 la renuncia el 11 de abril, luego de 187 d\u00edas de mandato.<\/p>\n<p style=\"text-align: justify;\"><strong>\u00abEstoy dispuesto a seguir como presidente de Independiente\u00bb afirm\u00f3 Grindetti.\u00a0<\/strong><\/p>\n<p style=\"text-align: justify;\">La posibilidad de que contin\u00fae estar\u00e1 supeditada a c\u00f3mo pueda reorganizarse la dirigencia.\u00a0<strong>\u00abTodo depende de que aclaremos los roles y funciones de mis compa\u00f1eros de comisi\u00f3n directiva para que puedan cubrirme en ciertos aspectos importantes del d\u00eda a d\u00eda. Tenemos un mes para definirlo y tomar una decisi\u00f3n\u00bb<\/strong>, expplic\u00f3 Grindetti en di\u00e1logo con el programa radial\u00a0<strong>Rojos de Pasi\u00f3n (FM 89.3).<\/strong><\/p>\n<div class=\"custom-text \">\n<p style=\"text-align: justify;\">El directivo tambi\u00e9n coment\u00f3 que no tuvo di\u00e1logo con el presidente saliente, quien lo acus\u00f3 de no conseguir el dinero que le hab\u00edan prometido en la campa\u00f1a electoral para pagar las deudas que tiene el club.\u00a0<strong>\u00abCon Doman no habl\u00e9. Si alguien piensa que alg\u00fan miembro de la dirigencia iba a venir con una carretilla con seis millones de d\u00f3lares, est\u00e1 mirando un partido equivocado. Yo me compromet\u00ed a ayudar a solucionar los temas econ\u00f3micos\u201d<\/strong>, cont\u00f3.<\/p>\n<\/div>\n<div class=\"sc-a7166897-0 exHLBh\"><\/div>\n<p><iframe loading=\"lazy\" width=\"560\" height=\"315\" src=\"https:\/\/www.youtube.com\/embed\/3kRDHC-PrRY\" title=\"YouTube video player\" frameborder=\"0\" allow=\"accelerometer; autoplay; clipboard-write; encrypted-media; gyroscope; picture-in-picture; web-share\" allowfullscreen><\/iframe><\/p>\n","protected":false},"excerpt":{"rendered":"<div class=\"mh-excerpt\"><p>El dirigente, quien ser\u00e1 precandidato a gobernador de la Provincia de Buenos Aires, cont\u00f3 de qu\u00e9 depende la posibilidad de que pueda seguir al frente del club de Avellaneda. El jueves pasado, Patricia Bullrich confirm\u00f3 <a class=\"mh-excerpt-more\" href=\"https:\/\/www.masrojo.com.ar\/home\/2023\/05\/21\/grindetti-estoy-dispuesto-a-seguir-como-presidente-de-independiente\/\" title=\"Grindetti: \u00abEstoy dispuesto a seguir como presidente de Independiente\u00bb\">[&#8230;]<\/a><\/p>\n<\/div>","protected":false},"author":6,"featured_media":66739,"comment_status":"closed","ping_status":"closed","sticky":false,"template":"","format":"video","meta":{"_jetpack_memberships_contains_paid_content":false,"footnotes":"","jetpack_publicize_message":"","jetpack_publicize_feature_enabled":true,"jetpack_social_post_already_shared":true,"jetpack_social_options":{"image_generator_settings":{"template":"highway","enabled":false},"version":2}},"categories":[4],"tags":[],"class_list":{"0":"post-67925","1":"post","2":"type-post","3":"status-publish","4":"format-video","5":"has-post-thumbnail","7":"category-actualidad","8":"post_format-post-format-video"},"jetpack_publicize_connections":[],"jetpack_sharing_enabled":true,"jetpack_featured_media_url":"https:\/\/i0.wp.com\/www.masrojo.com.ar\/home\/wp-content\/uploads\/repetto-1540850-1.jpg?fit=908%2C537&ssl=1","jetpack_shortlink":"https:\/\/wp.me\/p90W9F-hFz","_links":{"self":[{"href":"https:\/\/www.masrojo.com.ar\/home\/wp-json\/wp\/v2\/posts\/67925"}],"collection":[{"href":"https:\/\/www.masrojo.com.ar\/home\/wp-json\/wp\/v2\/posts"}],"about":[{"href":"https:\/\/www.masrojo.com.ar\/home\/wp-json\/wp\/v2\/types\/post"}],"author":[{"embeddable":true,"href":"https:\/\/www.masrojo.com.ar\/home\/wp-json\/wp\/v2\/users\/6"}],"replies":[{"embeddable":true,"href":"https:\/\/www.masrojo.com.ar\/home\/wp-json\/wp\/v2\/comments?post=67925"}],"version-history":[{"count":2,"href":"https:\/\/www.masrojo.com.ar\/home\/wp-json\/wp\/v2\/posts\/67925\/revisions"}],"predecessor-version":[{"id":67932,"href":"https:\/\/www.masrojo.com.ar\/home\/wp-json\/wp\/v2\/posts\/67925\/revisions\/67932"}],"wp:featuredmedia":[{"embeddable":true,"href":"https:\/\/www.masrojo.com.ar\/home\/wp-json\/wp\/v2\/media\/66739"}],"wp:attachment":[{"href":"https:\/\/www.masrojo.com.ar\/home\/wp-json\/wp\/v2\/media?parent=67925"}],"wp:term":[{"taxonomy":"category","embeddable":true,"href":"https:\/\/www.masrojo.com.ar\/home\/wp-json\/wp\/v2\/categories?post=67925"},{"taxonomy":"post_tag","embeddable":true,"href":"https:\/\/www.masrojo.com.ar\/home\/wp-json\/wp\/v2\/tags?post=67925"}],"curies":[{"name":"wp","href":"https:\/\/api.w.org\/{rel}","templated":true}]}}