{"id":67995,"date":"2023-05-27T08:10:06","date_gmt":"2023-05-27T11:10:06","guid":{"rendered":"https:\/\/www.masrojo.com.ar\/home\/?p=67995"},"modified":"2023-05-30T20:50:55","modified_gmt":"2023-05-30T23:50:55","slug":"camino-a-lanus","status":"publish","type":"post","link":"https:\/\/www.masrojo.com.ar\/home\/2023\/05\/27\/camino-a-lanus\/","title":{"rendered":"Camino a Lan\u00fas"},"content":{"rendered":"<p>Independiente recibe a Lan\u00fas por la fecha dieciocho del Torneo Profesional en el Estadio Libertadores de Am\u00e9rica &#8211; Ricardo Enrique Bochini.<\/p>\n<p class=\"capital\">Independiente viene en un proceso de enaltecer en la Tabla con la intervenci\u00f3n de Zielinski y con el envi\u00f3n an\u00edmico que la colecta de Santiago Maratea. A\u00fan as\u00ed, ante Arsenal, el quipo jug\u00f3 mal y ante el \u00faltimo de la tabla cay\u00f3 por 2 a 1 en el Viaducto. Por ende, el Rey se encuentra en el puesto veinticinco con 17 unidades.<\/p>\n<p>La sorpresa que impacta es la inclusi\u00f3n del delantero de 17 a\u00f1os Santiago L\u00f3pez entre los convocados. El futbolista que se destac\u00f3 en el Sudamericano sub-17 con la camiseta de la Selecci\u00f3n Argentina se entrena con el plantel profesional desde que retorn\u00f3 de sus vacaciones\u00a0luego de la participaci\u00f3n en el certamen internacional y ahora ser\u00e1 convocado por primera vez.<\/p>\n<p>Tras la pr\u00e1ctica del viernes, Zielinski tiene definido el equipo que,\u00a0salvo un problema de \u00faltimo momento, estar\u00e1 desde el arranque ante los dirigidos por Frank Kudelka\u00a0con el objetivo de volver al triunfo tras la ca\u00edda ante Arsenal de visitante.\u00a0Kevin L\u00f3pez y Baltasar Barcia, quienes arrastran molestias f\u00edsicas, estar\u00e1n en el banco de suplentes.<\/p>\n<p>Los convocados al partido son:<\/p>\n<p><img loading=\"lazy\" decoding=\"async\" class=\"aligncenter\" src=\"https:\/\/pbs.twimg.com\/media\/FxFopbmWwAUgAXy?format=jpg&amp;name=large\" alt=\"Imagen\" width=\"478\" height=\"598\" \/><\/p>\n<p>Y el once probable es: Rodrigo\u00a0Rey; Luciano\u00a0G\u00f3mez, Joaqu\u00edn\u00a0Laso, Cristian\u00a0B\u00e1ez, Ayrton\u00a0Costa; Nicol\u00e1s\u00a0Vallejo, Sergio\u00a0Ortiz, Mart\u00edn\u00a0Sarrafiore, Braian\u00a0Mart\u00ednez; Mat\u00edas\u00a0Gim\u00e9nez Rojas, Mart\u00edn\u00a0Cauteruccio.<\/p>\n<p>Independiente deber\u00e1 salir a la cancha con la idea de conseguir los tres puntos para estabilizarse en la tabla, terminar de tomar confianza y seguir el proceso de enaltecerse luego de la ca\u00edda que viene sufriendo tanto en o institucional como en lo deportivo.<\/p>\n<div align=\"center\">\n<div id=\"inline\" data-google-query-id=\"CPWd8fHAlP8CFYSWlQIdKmQIsA\">\n<div id=\"google_ads_iframe_\/125006397\/tyc\/nota\/inline_0__container__\"><\/div>\n<\/div>\n<\/div>\n<div class=\"watchto-wrap\" data-mrf-recirculation=\"Intext Widget\">\n<div class=\"watchto\"><\/div>\n<\/div>\n","protected":false},"excerpt":{"rendered":"<div class=\"mh-excerpt\"><p>Independiente recibe a Lan\u00fas por la fecha dieciocho del Torneo Profesional en el Estadio Libertadores de Am\u00e9rica &#8211; Ricardo Enrique Bochini. Independiente viene en un proceso de enaltecer en la Tabla con la intervenci\u00f3n de <a class=\"mh-excerpt-more\" href=\"https:\/\/www.masrojo.com.ar\/home\/2023\/05\/27\/camino-a-lanus\/\" title=\"Camino a Lan\u00fas\">[&#8230;]<\/a><\/p>\n<\/div>","protected":false},"author":6,"featured_media":67720,"comment_status":"closed","ping_status":"closed","sticky":false,"template":"","format":"standard","meta":{"_jetpack_memberships_contains_paid_content":false,"footnotes":"","jetpack_publicize_message":"","jetpack_publicize_feature_enabled":true,"jetpack_social_post_already_shared":true,"jetpack_social_options":{"image_generator_settings":{"template":"highway","enabled":false},"version":2}},"categories":[4],"tags":[17],"class_list":{"0":"post-67995","1":"post","2":"type-post","3":"status-publish","4":"format-standard","5":"has-post-thumbnail","7":"category-actualidad","8":"tag-independiente"},"jetpack_publicize_connections":[],"jetpack_sharing_enabled":true,"jetpack_featured_media_url":"https:\/\/i0.wp.com\/www.masrojo.com.ar\/home\/wp-content\/uploads\/11d2b7d68e5d4b332782c5bdc2c62663.jpg?fit=768%2C495&ssl=1","jetpack_shortlink":"https:\/\/wp.me\/p90W9F-hGH","_links":{"self":[{"href":"https:\/\/www.masrojo.com.ar\/home\/wp-json\/wp\/v2\/posts\/67995"}],"collection":[{"href":"https:\/\/www.masrojo.com.ar\/home\/wp-json\/wp\/v2\/posts"}],"about":[{"href":"https:\/\/www.masrojo.com.ar\/home\/wp-json\/wp\/v2\/types\/post"}],"author":[{"embeddable":true,"href":"https:\/\/www.masrojo.com.ar\/home\/wp-json\/wp\/v2\/users\/6"}],"replies":[{"embeddable":true,"href":"https:\/\/www.masrojo.com.ar\/home\/wp-json\/wp\/v2\/comments?post=67995"}],"version-history":[{"count":1,"href":"https:\/\/www.masrojo.com.ar\/home\/wp-json\/wp\/v2\/posts\/67995\/revisions"}],"predecessor-version":[{"id":67996,"href":"https:\/\/www.masrojo.com.ar\/home\/wp-json\/wp\/v2\/posts\/67995\/revisions\/67996"}],"wp:featuredmedia":[{"embeddable":true,"href":"https:\/\/www.masrojo.com.ar\/home\/wp-json\/wp\/v2\/media\/67720"}],"wp:attachment":[{"href":"https:\/\/www.masrojo.com.ar\/home\/wp-json\/wp\/v2\/media?parent=67995"}],"wp:term":[{"taxonomy":"category","embeddable":true,"href":"https:\/\/www.masrojo.com.ar\/home\/wp-json\/wp\/v2\/categories?post=67995"},{"taxonomy":"post_tag","embeddable":true,"href":"https:\/\/www.masrojo.com.ar\/home\/wp-json\/wp\/v2\/tags?post=67995"}],"curies":[{"name":"wp","href":"https:\/\/api.w.org\/{rel}","templated":true}]}}