{"id":6896,"date":"2018-01-25T10:04:14","date_gmt":"2018-01-25T13:04:14","guid":{"rendered":"https:\/\/www.masrojo.com.ar\/home\/?p=6896"},"modified":"2018-01-25T10:04:14","modified_gmt":"2018-01-25T13:04:14","slug":"desde-el-23-de-diciembre-sabe-la-dirigencia-que-jugadores-quiero","status":"publish","type":"post","link":"https:\/\/www.masrojo.com.ar\/home\/2018\/01\/25\/desde-el-23-de-diciembre-sabe-la-dirigencia-que-jugadores-quiero\/","title":{"rendered":"\u00abDesde el 23 de diciembre sabe la dirigencia que jugadores quiero\u00bb"},"content":{"rendered":"<p style=\"text-align: justify;\"><strong>Ariel Holan dialog\u00f3 en conferencia de prensa luego del empate ante Rosario Central y, tal como mencion\u00f3, de encuentra expectante ante el cierre del mercado de pases y que sensaciones le dej\u00f3 el encuentro.<\/strong><\/p>\n<p style=\"text-align: justify;\">El DT del \u00abrojo\u00bb sobre el inminente cierre del per\u00edodo de incorporaciones dijo:\u00a0<strong>\u00abNo quiero ponerle un estado de \u00e1nimo pero estoy expectante. Desde diciembre, cuando firme un preacuerdo, que los directivos tienen una lista con los jugadores que pretendo y necesitamos un plantel con m\u00e1s opciones porque, en este semestre, tenemos un promedio de tres partidos por semana\u00bb<\/strong><\/p>\n<p style=\"text-align: justify;\">Por otro lado, el \u00abprofesor\u00bb habl\u00f3 sobre la parda y dej\u00f3 en claro que\u00a0<strong>\u00abpara ser el segundo encuentro que tenemos en el a\u00f1o, el balance es positivo. Tuvimos 14 llegadas claras y conseguimos verticalidad en el segundo tiempo. Que no entre son cosas del f\u00fatbol pero el Independiente del final es el que se va a ver a lo largo del semestre\u00bb<\/strong><\/p>\n<p>La conferencia de prensa completa la ves ac\u00e1<\/p>\n<blockquote class=\"twitter-tweet\" data-width=\"500\" data-dnt=\"true\">\n<p lang=\"es\" dir=\"ltr\">Conferencia de Ariel Holan <a href=\"https:\/\/twitter.com\/hashtag\/Independiente?src=hash&amp;ref_src=twsrc%5Etfw\">#Independiente<\/a> <a href=\"https:\/\/t.co\/U0EipOgA1o\">https:\/\/t.co\/U0EipOgA1o<\/a><\/p>\n<p>&mdash; MasRojo (@masrojo) <a href=\"https:\/\/twitter.com\/masrojo\/status\/956351528901595137?ref_src=twsrc%5Etfw\">January 25, 2018<\/a><\/p><\/blockquote>\n<p><script async src=\"https:\/\/platform.twitter.com\/widgets.js\" charset=\"utf-8\"><\/script><\/p>\n","protected":false},"excerpt":{"rendered":"<div class=\"mh-excerpt\"><p>Ariel Holan dialog\u00f3 en conferencia de prensa luego del empate ante Rosario Central y, tal como mencion\u00f3, de encuentra expectante ante el cierre del mercado de pases y que sensaciones le dej\u00f3 el encuentro. El <a class=\"mh-excerpt-more\" href=\"https:\/\/www.masrojo.com.ar\/home\/2018\/01\/25\/desde-el-23-de-diciembre-sabe-la-dirigencia-que-jugadores-quiero\/\" title=\"\u00abDesde el 23 de diciembre sabe la dirigencia que jugadores quiero\u00bb\">[&#8230;]<\/a><\/p>\n<\/div>","protected":false},"author":2,"featured_media":0,"comment_status":"open","ping_status":"closed","sticky":false,"template":"","format":"standard","meta":{"_jetpack_memberships_contains_paid_content":false,"footnotes":"","jetpack_publicize_message":"","jetpack_publicize_feature_enabled":true,"jetpack_social_post_already_shared":true,"jetpack_social_options":{"image_generator_settings":{"template":"highway","enabled":false},"version":2}},"categories":[4],"tags":[146,90,17,19,32],"class_list":{"0":"post-6896","1":"post","2":"type-post","3":"status-publish","4":"format-standard","6":"category-actualidad","7":"tag-central","8":"tag-holan-independiente","9":"tag-independiente","10":"tag-mercado-de-pases","11":"tag-superliga"},"jetpack_publicize_connections":[],"jetpack_sharing_enabled":true,"jetpack_featured_media_url":"","jetpack_shortlink":"https:\/\/wp.me\/p90W9F-1Ne","_links":{"self":[{"href":"https:\/\/www.masrojo.com.ar\/home\/wp-json\/wp\/v2\/posts\/6896"}],"collection":[{"href":"https:\/\/www.masrojo.com.ar\/home\/wp-json\/wp\/v2\/posts"}],"about":[{"href":"https:\/\/www.masrojo.com.ar\/home\/wp-json\/wp\/v2\/types\/post"}],"author":[{"embeddable":true,"href":"https:\/\/www.masrojo.com.ar\/home\/wp-json\/wp\/v2\/users\/2"}],"replies":[{"embeddable":true,"href":"https:\/\/www.masrojo.com.ar\/home\/wp-json\/wp\/v2\/comments?post=6896"}],"version-history":[{"count":0,"href":"https:\/\/www.masrojo.com.ar\/home\/wp-json\/wp\/v2\/posts\/6896\/revisions"}],"wp:attachment":[{"href":"https:\/\/www.masrojo.com.ar\/home\/wp-json\/wp\/v2\/media?parent=6896"}],"wp:term":[{"taxonomy":"category","embeddable":true,"href":"https:\/\/www.masrojo.com.ar\/home\/wp-json\/wp\/v2\/categories?post=6896"},{"taxonomy":"post_tag","embeddable":true,"href":"https:\/\/www.masrojo.com.ar\/home\/wp-json\/wp\/v2\/tags?post=6896"}],"curies":[{"name":"wp","href":"https:\/\/api.w.org\/{rel}","templated":true}]}}