{"id":69144,"date":"2023-07-10T16:31:43","date_gmt":"2023-07-10T19:31:43","guid":{"rendered":"https:\/\/www.masrojo.com.ar\/home\/?p=69144"},"modified":"2023-07-10T16:31:43","modified_gmt":"2023-07-10T19:31:43","slug":"dos-cambios-pensando-en-newells","status":"publish","type":"post","link":"https:\/\/www.masrojo.com.ar\/home\/2023\/07\/10\/dos-cambios-pensando-en-newells\/","title":{"rendered":"Dos cambios pensando en Newell&#8217;s"},"content":{"rendered":"<p>Independiente se prepara para recibir a Newell&#8217;s\u00a0este martes desde las 20 en el Estadio Libertadores de Am\u00e9rica &#8211; Ricardo Enrique Bochini, por la fecha 24 de la Liga Profesional y el entrenador Ricardo Zielinski planea dos cambios en el equipo titular con respecto al encuenftro en La Plata.<\/p>\n<p>El <i>Ruso\u00a0<\/i>volver\u00e1 a modificar el esquema y utilizar\u00e1 a dos centrodelanteros en el ataque ya que\u00a0el uruguayo Mart\u00edn Cauteruccio har\u00e1 dupla con Mat\u00edas Gim\u00e9nez Rojas,\u00a0quien ingresar\u00e1 en lugar del mediocampista\u00a0Kevin L\u00f3pez.<\/p>\n<p>A su vez, tambi\u00e9n habr\u00e1ncambios en el mediocampo porque Sergio Ortiz lleg\u00f3 a la quinta amarilla ante Gimnasia<i>\u00a0<\/i>y todo parece que\u00a0Mart\u00edn Sarrafiore\u00a0ocupar\u00e1 su lugar junto a Iv\u00e1n Marcone. Adem\u00e1s,\u00a0Braian Mart\u00ednez volver\u00e1 a la mitad de la cancha.<\/p>\n<p>La formaci\u00f3n ser\u00eda: Rodrigo Rey; Luciano\u00a0G\u00f3mez, Cristian\u00a0B\u00e1ez, Edgar\u00a0Elizalde, Ayrton\u00a0Costa; Baltasar\u00a0Barcia, Iv\u00e1n\u00a0Marcone, Mart\u00edn\u00a0Sarrafiore, Braian\u00a0Mart\u00ednez; Mat\u00edas\u00a0Gim\u00e9nez Rojas, Mart\u00edn\u00a0Cauteruccio.<\/p>\n<div class=\"watchto-wrap\" data-mrf-recirculation=\"Intext Widget\">\n<div class=\"watchto\"><\/div>\n<\/div>\n","protected":false},"excerpt":{"rendered":"<div class=\"mh-excerpt\"><p>Independiente se prepara para recibir a Newell&#8217;s\u00a0este martes desde las 20 en el Estadio Libertadores de Am\u00e9rica &#8211; Ricardo Enrique Bochini, por la fecha 24 de la Liga Profesional y el entrenador Ricardo Zielinski planea <a class=\"mh-excerpt-more\" href=\"https:\/\/www.masrojo.com.ar\/home\/2023\/07\/10\/dos-cambios-pensando-en-newells\/\" title=\"Dos cambios pensando en Newell&#8217;s\">[&#8230;]<\/a><\/p>\n<\/div>","protected":false},"author":6,"featured_media":69145,"comment_status":"closed","ping_status":"closed","sticky":false,"template":"","format":"standard","meta":{"_jetpack_memberships_contains_paid_content":false,"footnotes":"","jetpack_publicize_message":"","jetpack_publicize_feature_enabled":true,"jetpack_social_post_already_shared":true,"jetpack_social_options":{"image_generator_settings":{"template":"highway","enabled":false},"version":2}},"categories":[4],"tags":[27,926,162],"class_list":{"0":"post-69144","1":"post","2":"type-post","3":"status-publish","4":"format-standard","5":"has-post-thumbnail","7":"category-actualidad","8":"tag-entrenamiento","9":"tag-newells-old-boys","10":"tag-previa"},"jetpack_publicize_connections":[],"jetpack_sharing_enabled":true,"jetpack_featured_media_url":"https:\/\/i0.wp.com\/www.masrojo.com.ar\/home\/wp-content\/uploads\/entrenamiento-tigre-1.jpg?fit=2048%2C1365&ssl=1","jetpack_shortlink":"https:\/\/wp.me\/p90W9F-hZe","_links":{"self":[{"href":"https:\/\/www.masrojo.com.ar\/home\/wp-json\/wp\/v2\/posts\/69144"}],"collection":[{"href":"https:\/\/www.masrojo.com.ar\/home\/wp-json\/wp\/v2\/posts"}],"about":[{"href":"https:\/\/www.masrojo.com.ar\/home\/wp-json\/wp\/v2\/types\/post"}],"author":[{"embeddable":true,"href":"https:\/\/www.masrojo.com.ar\/home\/wp-json\/wp\/v2\/users\/6"}],"replies":[{"embeddable":true,"href":"https:\/\/www.masrojo.com.ar\/home\/wp-json\/wp\/v2\/comments?post=69144"}],"version-history":[{"count":1,"href":"https:\/\/www.masrojo.com.ar\/home\/wp-json\/wp\/v2\/posts\/69144\/revisions"}],"predecessor-version":[{"id":69151,"href":"https:\/\/www.masrojo.com.ar\/home\/wp-json\/wp\/v2\/posts\/69144\/revisions\/69151"}],"wp:featuredmedia":[{"embeddable":true,"href":"https:\/\/www.masrojo.com.ar\/home\/wp-json\/wp\/v2\/media\/69145"}],"wp:attachment":[{"href":"https:\/\/www.masrojo.com.ar\/home\/wp-json\/wp\/v2\/media?parent=69144"}],"wp:term":[{"taxonomy":"category","embeddable":true,"href":"https:\/\/www.masrojo.com.ar\/home\/wp-json\/wp\/v2\/categories?post=69144"},{"taxonomy":"post_tag","embeddable":true,"href":"https:\/\/www.masrojo.com.ar\/home\/wp-json\/wp\/v2\/tags?post=69144"}],"curies":[{"name":"wp","href":"https:\/\/api.w.org\/{rel}","templated":true}]}}