{"id":69300,"date":"2023-07-18T21:06:39","date_gmt":"2023-07-19T00:06:39","guid":{"rendered":"https:\/\/www.masrojo.com.ar\/home\/?p=69300"},"modified":"2023-08-08T07:40:22","modified_gmt":"2023-08-08T10:40:22","slug":"la-dura-critica-de-javier-baez","status":"publish","type":"post","link":"https:\/\/www.masrojo.com.ar\/home\/2023\/07\/18\/la-dura-critica-de-javier-baez\/","title":{"rendered":"La dura cr\u00edtica de Javier B\u00e1ez"},"content":{"rendered":"<p class=\"interiorCopete\" style=\"text-align: justify;\">\u00abEs f\u00e1cil decir &#8216;yo soy hincha de&#8230;&#8217; y despu\u00e9s no venir a jugar a Independiente\u00bb, declar\u00f3 el defensor surgido en la cantera del club que este a\u00f1o regres\u00f3 al conjunto de Avellaneda.<\/p>\n<p style=\"text-align: justify;\"><strong>Javier B\u00e1ez, defensor de Independiente<\/strong>\u00a0surgido en la cantera del club en 2010 y regresado este a\u00f1o al equipo de Avellaneda tras un paso con rendimientos dispares por el f\u00fatbol de Chile, Per\u00fa, Paraguay y M\u00e9xico,\u00a0<strong>lament\u00f3 la situaci\u00f3n futbol\u00edstica que atraviesa el conjunto<\/strong>\u00a0y lanz\u00f3 un tiro por elevaci\u00f3n a prop\u00f3sito del momento y el sentido de pertenencia hacia el club que\u00a0<strong>este domingo logr\u00f3 vencer a Central C\u00f3rdoba en Santiago del Estero<\/strong>.<\/p>\n<p style=\"text-align: justify;\"><strong>\u00abEs f\u00e1cil decir &#8216;yo soy hincha de&#8230;&#8217; y despu\u00e9s no venir a jugar a Independiente<\/strong>. Lo que quiero decir es que todos hablan pero los que nos ponemos la camiseta de Independiente somos nosotros\u00bb, se\u00f1al\u00f3 el futbolista paraguayo a M\u00e1s Rojo Radio.<\/p>\n<p style=\"text-align: justify;\">Luego, agreg\u00f3: \u00abEs real de que nos hablan compa\u00f1eros para ver en qu\u00e9 situaci\u00f3n est\u00e1 el club para ver si vienen a jugar ac\u00e1.\u00a0<strong>A colegas que me hablan para venir a jugar y de c\u00f3mo est\u00e1 la situaci\u00f3n, les digo que vengan con ganas de jugar y ponerse la camiseta<\/strong>\u00ab.<\/p>\n<p style=\"text-align: justify;\">\u00abEstamos en una lucha que no le gusta a nadie en el mundo Independiente. En lo personal no estoy contento por el lugar que estamos en la tabla\u00bb, manifest\u00f3 B\u00e1ez.<\/p>\n<p style=\"text-align: justify;\">En modo autocr\u00edtico, el defensor afirm\u00f3 que la campa\u00f1a del club de Avellaneda \u00abno es la adecuada\u00bb, pero rescat\u00f3 el triunfo obtenido en Santiago del Estero. \u00abPas\u00f3 mucho tiempo de la \u00faltima victoria de visitante y lo importante es sumar de a tres\u00bb, apunt\u00f3 el defensor de Independiente.<\/p>\n<div id=\"div-gpt-ad-nota-125571\" class=\"banner-90\" data-mapping=\"mapping9\" data-google-query-id=\"CKevkJK8mYADFVGH1QodSTIJwA\"><\/div>\n<p><iframe loading=\"lazy\" title=\"YouTube video player\" src=\"https:\/\/www.youtube.com\/embed\/uQGUF15k3DI\" width=\"560\" height=\"315\" frameborder=\"0\" allowfullscreen=\"allowfullscreen\"><\/iframe><\/p>\n","protected":false},"excerpt":{"rendered":"<div class=\"mh-excerpt\"><p>\u00abEs f\u00e1cil decir &#8216;yo soy hincha de&#8230;&#8217; y despu\u00e9s no venir a jugar a Independiente\u00bb, declar\u00f3 el defensor surgido en la cantera del club que este a\u00f1o regres\u00f3 al conjunto de Avellaneda. Javier B\u00e1ez, defensor <a class=\"mh-excerpt-more\" href=\"https:\/\/www.masrojo.com.ar\/home\/2023\/07\/18\/la-dura-critica-de-javier-baez\/\" title=\"La dura cr\u00edtica de Javier B\u00e1ez\">[&#8230;]<\/a><\/p>\n<\/div>","protected":false},"author":6,"featured_media":69301,"comment_status":"closed","ping_status":"closed","sticky":false,"template":"","format":"video","meta":{"_jetpack_memberships_contains_paid_content":false,"footnotes":"","jetpack_publicize_message":"","jetpack_publicize_feature_enabled":true,"jetpack_social_post_already_shared":true,"jetpack_social_options":{"image_generator_settings":{"template":"highway","enabled":false},"version":2}},"categories":[4],"tags":[],"class_list":{"0":"post-69300","1":"post","2":"type-post","3":"status-publish","4":"format-video","5":"has-post-thumbnail","7":"category-actualidad","8":"post_format-post-format-video"},"jetpack_publicize_connections":[],"jetpack_sharing_enabled":true,"jetpack_featured_media_url":"https:\/\/i0.wp.com\/www.masrojo.com.ar\/home\/wp-content\/uploads\/baez-1.jpg?fit=1210%2C800&ssl=1","jetpack_shortlink":"https:\/\/wp.me\/p90W9F-i1K","_links":{"self":[{"href":"https:\/\/www.masrojo.com.ar\/home\/wp-json\/wp\/v2\/posts\/69300"}],"collection":[{"href":"https:\/\/www.masrojo.com.ar\/home\/wp-json\/wp\/v2\/posts"}],"about":[{"href":"https:\/\/www.masrojo.com.ar\/home\/wp-json\/wp\/v2\/types\/post"}],"author":[{"embeddable":true,"href":"https:\/\/www.masrojo.com.ar\/home\/wp-json\/wp\/v2\/users\/6"}],"replies":[{"embeddable":true,"href":"https:\/\/www.masrojo.com.ar\/home\/wp-json\/wp\/v2\/comments?post=69300"}],"version-history":[{"count":1,"href":"https:\/\/www.masrojo.com.ar\/home\/wp-json\/wp\/v2\/posts\/69300\/revisions"}],"predecessor-version":[{"id":69307,"href":"https:\/\/www.masrojo.com.ar\/home\/wp-json\/wp\/v2\/posts\/69300\/revisions\/69307"}],"wp:featuredmedia":[{"embeddable":true,"href":"https:\/\/www.masrojo.com.ar\/home\/wp-json\/wp\/v2\/media\/69301"}],"wp:attachment":[{"href":"https:\/\/www.masrojo.com.ar\/home\/wp-json\/wp\/v2\/media?parent=69300"}],"wp:term":[{"taxonomy":"category","embeddable":true,"href":"https:\/\/www.masrojo.com.ar\/home\/wp-json\/wp\/v2\/categories?post=69300"},{"taxonomy":"post_tag","embeddable":true,"href":"https:\/\/www.masrojo.com.ar\/home\/wp-json\/wp\/v2\/tags?post=69300"}],"curies":[{"name":"wp","href":"https:\/\/api.w.org\/{rel}","templated":true}]}}